{"id":5457,"date":"2025-04-11T17:30:50","date_gmt":"2025-04-11T15:30:50","guid":{"rendered":"https:\/\/europanova.eu\/?p=5457"},"modified":"2025-04-11T17:30:50","modified_gmt":"2025-04-11T15:30:50","slug":"europanovanews-du-11-avril-2025","status":"publish","type":"post","link":"https:\/\/europanova.eu\/en\/2025\/04\/11\/europanovanews-du-11-avril-2025\/","title":{"rendered":"EuropaNovaNews du 11 avril 2025"},"content":{"rendered":"<p class=\"wp-block-paragraph\"><\/p>\n\n\n\n<p class=\"wp-block-paragraph\"><strong>Register here<\/strong>&nbsp;to receive our free newsletter directly in your mailbox!<\/p>\n\n\n\n<div class=\"wp-block-buttons is-content-justification-center is-layout-flex wp-container-core-buttons-is-layout-20959078 wp-block-buttons-is-layout-flex\">\n<div class=\"wp-block-button\"><a class=\"wp-block-button__link wp-element-button\" href=\"https:\/\/ebbf9231.sibforms.com\/serve\/MUIEAHsuX4wekgo0QuleyfN7chi-k6vAARhELmRBBlqR3lOu5L4IX8zEZsyty_mn037C-rAjHZ3nzuiVV3MSQu5BkX7p-6nWCgmx7KsIy14a69kacdW_ebBvza7zhQg-48ianp5TN2FubkaqVSTGzTHKRguZ0uB5r0HGFInxXjuzSt2z4VVhm19UPKi3YDgDQ8R5t2qpNN8btYay\">INSCRIPTION \u00c0 EUROPANEWS<\/a><\/div>\n<\/div>\n\n\n\n<p class=\"wp-block-paragraph\">The European Union is at a turning point in civilization,<strong>&nbsp;Europeans must mobilize to make Europe a major democratic power&nbsp;<\/strong>of the 21st century, at the forefront of major technological, societal and climatic transformations. Against a backdrop of geopolitical and geo-economic rebalancing,&nbsp;<strong>EuropaNova aims to make an impact<\/strong>&nbsp;in this new reality. Nothing can be done without your&nbsp;<strong>loyalty<\/strong>&nbsp;and your&nbsp;<strong>support<\/strong>. That's why we invite you to make a&nbsp;<strong>donation<\/strong>&nbsp;(66% tax-exempt) to our recognized association&nbsp;<strong>of general interest<\/strong>.<\/p>\n\n\n\n<div class=\"wp-block-buttons is-content-justification-center is-layout-flex wp-container-core-buttons-is-layout-20959078 wp-block-buttons-is-layout-flex\">\n<div class=\"wp-block-button\"><a class=\"wp-block-button__link wp-element-button\" href=\"https:\/\/www.helloasso.com\/associations\/fonds-de-dotation-europanova\/adhesions\/club-europanova\">SOUTENEZ EUROPANOVA<\/a><\/div>\n<\/div>\n\n\n\n<p class=\"wp-block-paragraph\">If you want to become a&nbsp;<strong>partner<\/strong>&nbsp;de notre newsletter, vous pouvez contacter Micha\u00ebl Christophe, Directeur g\u00e9n\u00e9ral d\u2019EuropaNova : michael.christophe@europanova.eu<\/p>\n\n\n\n<p class=\"wp-block-paragraph\">Comit\u00e9 de r\u00e9daction : Guillaume Klossa, Micha\u00ebl Christophe, A\u00efda No\u00ebl.<\/p>\n\n\n\n<hr class=\"wp-block-separator has-alpha-channel-opacity\"\/>\n\n\n\n<figure class=\"wp-block-image size-large\"><img data-recalc-dims=\"1\" loading=\"lazy\" decoding=\"async\" width=\"1024\" height=\"576\" data-attachment-id=\"5459\" data-permalink=\"https:\/\/europanova.eu\/en\/2025\/04\/11\/europanovanews-du-11-avril-2025\/2196132-ces-produits-victimes-de-la-guerre-commerciale-web-tete-0302066779879\/\" data-orig-file=\"https:\/\/i0.wp.com\/europanova.eu\/wp-content\/uploads\/2025\/04\/2196132-ces-produits-victimes-de-la-guerre-commerciale-web-tete-0302066779879.jpg?fit=1280%2C720&amp;ssl=1\" data-orig-size=\"1280,720\" data-comments-opened=\"0\" data-image-meta=\"{&quot;aperture&quot;:&quot;0&quot;,&quot;credit&quot;:&quot;&quot;,&quot;camera&quot;:&quot;&quot;,&quot;caption&quot;:&quot;&quot;,&quot;created_timestamp&quot;:&quot;0&quot;,&quot;copyright&quot;:&quot;&quot;,&quot;focal_length&quot;:&quot;0&quot;,&quot;iso&quot;:&quot;0&quot;,&quot;shutter_speed&quot;:&quot;0&quot;,&quot;title&quot;:&quot;&quot;,&quot;orientation&quot;:&quot;0&quot;}\" data-image-title=\"2196132-ces-produits-victimes-de-la-guerre-commerciale-web-tete-0302066779879\" data-image-description=\"\" data-image-caption=\"\" data-large-file=\"https:\/\/i0.wp.com\/europanova.eu\/wp-content\/uploads\/2025\/04\/2196132-ces-produits-victimes-de-la-guerre-commerciale-web-tete-0302066779879.jpg?fit=1024%2C576&amp;ssl=1\" src=\"https:\/\/i0.wp.com\/europanova.eu\/wp-content\/uploads\/2025\/04\/2196132-ces-produits-victimes-de-la-guerre-commerciale-web-tete-0302066779879.jpg?resize=1024%2C576&#038;ssl=1\" alt=\"\" class=\"wp-image-5459\" srcset=\"https:\/\/i0.wp.com\/europanova.eu\/wp-content\/uploads\/2025\/04\/2196132-ces-produits-victimes-de-la-guerre-commerciale-web-tete-0302066779879.jpg?resize=1024%2C576&amp;ssl=1 1024w, https:\/\/i0.wp.com\/europanova.eu\/wp-content\/uploads\/2025\/04\/2196132-ces-produits-victimes-de-la-guerre-commerciale-web-tete-0302066779879.jpg?resize=300%2C169&amp;ssl=1 300w, https:\/\/i0.wp.com\/europanova.eu\/wp-content\/uploads\/2025\/04\/2196132-ces-produits-victimes-de-la-guerre-commerciale-web-tete-0302066779879.jpg?resize=768%2C432&amp;ssl=1 768w, https:\/\/i0.wp.com\/europanova.eu\/wp-content\/uploads\/2025\/04\/2196132-ces-produits-victimes-de-la-guerre-commerciale-web-tete-0302066779879.jpg?resize=18%2C10&amp;ssl=1 18w, https:\/\/i0.wp.com\/europanova.eu\/wp-content\/uploads\/2025\/04\/2196132-ces-produits-victimes-de-la-guerre-commerciale-web-tete-0302066779879.jpg?resize=1200%2C675&amp;ssl=1 1200w, https:\/\/i0.wp.com\/europanova.eu\/wp-content\/uploads\/2025\/04\/2196132-ces-produits-victimes-de-la-guerre-commerciale-web-tete-0302066779879.jpg?w=1280&amp;ssl=1 1280w\" sizes=\"auto, (max-width: 1000px) 100vw, 1000px\" \/><\/figure>\n\n\n\n<h3 class=\"wp-block-heading\"><strong>Trump, tarifs et tensions : la guerre commerciale red\u00e9marre\u00a0<\/strong><\/h3>\n\n\n\n<p class=\"wp-block-paragraph\"><strong>Trump cible de nouveau la Chine : des droits de douane \u00e0 145 %<\/strong><\/p>\n\n\n\n<p class=\"wp-block-paragraph\">Le 9 avril 2025, Donald Trump a annonc\u00e9 une hausse spectaculaire des droits de douane sur les importations chinoises, d\u00e9sormais port\u00e9s \u00e0&nbsp;<a href=\"https:\/\/www.lesechos.fr\/monde\/asie-pacifique\/la-chine-poursuit-lescalade-et-porte-ses-droits-de-douane-a-125-sur-les-produits-americains-2159532\" target=\"_blank\" rel=\"noreferrer noopener\">145 %<\/a>.&nbsp;En r\u00e9ponse, la Chine a annonc\u00e9 une augmentation de ses propres droits de douane sur les produits am\u00e9ricains, les portant \u00e0&nbsp;<a href=\"https:\/\/www.lesechos.fr\/monde\/asie-pacifique\/la-chine-poursuit-lescalade-et-porte-ses-droits-de-douane-a-125-sur-les-produits-americains-2159532\" target=\"_blank\" rel=\"noreferrer noopener\">125 %<\/a>&nbsp;\u00e0 compter du 12 avril.<\/p>\n\n\n\n<p class=\"wp-block-paragraph\">P\u00e9kin a ainsi r\u00e9agi avec fermet\u00e9, refusant pour l\u2019instant de plier. La Chine, d\u00e9sormais&nbsp;<a href=\"https:\/\/www.lemonde.fr\/economie\/article\/2025\/04\/10\/droits-de-douane-desormais-seule-contre-donald-trump-la-chine-continue-a-lui-tenir-tete_6593740_3234.html\" target=\"_blank\" rel=\"noreferrer noopener\">\u00ab seule contre Trump \u00bb<\/a>, cherche activement des alli\u00e9s pour contrer cette offensive \u00e9conomique, mais voit ses options se r\u00e9duire sur la sc\u00e8ne internationale.<\/p>\n\n\n\n<p class=\"wp-block-paragraph\"><strong>Investisseurs en alerte face \u00e0 l\u2019instabilit\u00e9 am\u00e9ricaine<\/strong><\/p>\n\n\n\n<p class=\"wp-block-paragraph\">Au-del\u00e0 du bras de fer g\u00e9opolitique, ces annonces ont aussi un effet n\u00e9faste sur l\u2019\u00e9conomie mondiale. Comme le souligne&nbsp;<a href=\"https:\/\/www.lemonde.fr\/economie\/article\/2025\/04\/10\/droits-de-douane-comment-donald-trump-sape-la-confiance-des-investisseurs-envers-les-etats-unis_6593569_3234.html\" target=\"_blank\" rel=\"noreferrer noopener\"><em>Le Monde<\/em><\/a>, Trump sape la confiance des investisseurs \u00e9trangers, inquiets de l\u2019impr\u00e9visibilit\u00e9 commerciale des \u00c9tats-Unis. Le climat d\u2019incertitude provoqu\u00e9 par les changements de cap r\u00e9p\u00e9t\u00e9s pourrait affecter durablement l\u2019attractivit\u00e9 am\u00e9ricaine pour les capitaux internationaux.<\/p>\n\n\n\n<p class=\"wp-block-paragraph\"><strong>L\u2019Union europ\u00e9enne prudente apr\u00e8s un recul am\u00e9ricain<\/strong><\/p>\n\n\n\n<p class=\"wp-block-paragraph\">En parall\u00e8le, un autre front commercial s\u2019est momentan\u00e9ment apais\u00e9. Face \u00e0 la pression europ\u00e9enne et \u00e0 la menace de repr\u00e9sailles, Trump a d\u00e9cid\u00e9 de suspendre temporairement les nouveaux droits de douane ciblant l\u2019UE. Ursula von der Leyen s\u2019est f\u00e9licit\u00e9e de cette pause, renouvelant sa proposition d\u2019un accord&nbsp;<a href=\"https:\/\/www.euronews.com\/my-europe\/2025\/04\/10\/von-der-leyen-welcomes-trumps-tariff-pause-and-offers-again-zero-for-zero-deal\" target=\"_blank\" rel=\"noreferrer noopener\">\u00ab z\u00e9ro pour z\u00e9ro \u00bb<\/a>&nbsp;: z\u00e9ro droit de douane, z\u00e9ro subvention et z\u00e9ro barri\u00e8re non tarifaire entre les deux blocs.<\/p>\n\n\n\n<p class=\"wp-block-paragraph\">Pour autant, l\u2019UE ne baisse pas la garde. Elle a valid\u00e9 un paquet de&nbsp;<a href=\"https:\/\/www.euractiv.fr\/section\/international\/news\/lue-approuve-des-tarifs-de-22-milliards-deuros-contre-les-etats-unis\/\" target=\"_blank\" rel=\"noreferrer noopener\"><strong>mesures douani\u00e8res \u00e0 hauteur de 22 milliards d\u2019euros<\/strong><\/a>&nbsp;\u00e0 l\u2019encontre des \u00c9tats-Unis, en guise de r\u00e9ponse \u00e0 l\u2019ensemble des mesures hostiles accumul\u00e9es ces derniers mois. M\u00eame si l\u2019application de ces mesures reste suspendue, elles illustrent l&rsquo;exasp\u00e9ration croissante de Bruxelles.<\/p>\n\n\n\n<p class=\"wp-block-paragraph\">Si l\u2019Union europ\u00e9enne semble momentan\u00e9ment \u00e9pargn\u00e9e, la tension reste palpable sur tous les fronts commerciaux. La Chine, prise pour cible, cherche des alli\u00e9s. L\u2019Europe, elle, reste sur la d\u00e9fensive. Et les investisseurs, eux, commencent \u00e0 douter de la fiabilit\u00e9 des \u00c9tats-Unis.<\/p>\n\n\n\n<figure class=\"wp-block-image size-full\"><img data-recalc-dims=\"1\" loading=\"lazy\" decoding=\"async\" width=\"640\" height=\"340\" data-attachment-id=\"5461\" data-permalink=\"https:\/\/europanova.eu\/en\/2025\/04\/11\/europanovanews-du-11-avril-2025\/640x340_sc_068-aa-31032025-2154045\/\" data-orig-file=\"https:\/\/i0.wp.com\/europanova.eu\/wp-content\/uploads\/2025\/04\/640x340_sc_068-aa-31032025-2154045.jpg?fit=640%2C340&amp;ssl=1\" data-orig-size=\"640,340\" data-comments-opened=\"0\" data-image-meta=\"{&quot;aperture&quot;:&quot;0&quot;,&quot;credit&quot;:&quot;&quot;,&quot;camera&quot;:&quot;&quot;,&quot;caption&quot;:&quot;&quot;,&quot;created_timestamp&quot;:&quot;0&quot;,&quot;copyright&quot;:&quot;&quot;,&quot;focal_length&quot;:&quot;0&quot;,&quot;iso&quot;:&quot;0&quot;,&quot;shutter_speed&quot;:&quot;0&quot;,&quot;title&quot;:&quot;&quot;,&quot;orientation&quot;:&quot;0&quot;}\" data-image-title=\"640x340_sc_068-aa-31032025-2154045\" data-image-description=\"\" data-image-caption=\"\" data-large-file=\"https:\/\/i0.wp.com\/europanova.eu\/wp-content\/uploads\/2025\/04\/640x340_sc_068-aa-31032025-2154045.jpg?fit=640%2C340&amp;ssl=1\" src=\"https:\/\/i0.wp.com\/europanova.eu\/wp-content\/uploads\/2025\/04\/640x340_sc_068-aa-31032025-2154045.jpg?resize=640%2C340&#038;ssl=1\" alt=\"\" class=\"wp-image-5461\" srcset=\"https:\/\/i0.wp.com\/europanova.eu\/wp-content\/uploads\/2025\/04\/640x340_sc_068-aa-31032025-2154045.jpg?w=640&amp;ssl=1 640w, https:\/\/i0.wp.com\/europanova.eu\/wp-content\/uploads\/2025\/04\/640x340_sc_068-aa-31032025-2154045.jpg?resize=300%2C159&amp;ssl=1 300w, https:\/\/i0.wp.com\/europanova.eu\/wp-content\/uploads\/2025\/04\/640x340_sc_068-aa-31032025-2154045.jpg?resize=18%2C10&amp;ssl=1 18w\" sizes=\"auto, (max-width: 640px) 100vw, 640px\" \/><\/figure>\n\n\n\n<h3 class=\"wp-block-heading\"><strong>Marine Le Pen condamn\u00e9e : s\u00e9isme politique et clivages europ\u00e9ens<\/strong><\/h3>\n\n\n\n<p class=\"wp-block-paragraph\">La condamnation de Marine Le Pen par la justice fran\u00e7aise a provoqu\u00e9 un v\u00e9ritable choc politique en France et au-del\u00e0 de ses fronti\u00e8res. Jug\u00e9e coupable de d\u00e9tournement de fonds publics dans l&rsquo;affaire des assistants parlementaires europ\u00e9ens, la figure du Rassemblement national risque d\u00e9sormais l\u2019in\u00e9ligibilit\u00e9. Si la d\u00e9cision finale pourrait intervenir \u00e0 l\u2019\u00e9t\u00e9 2026, le d\u00e9bat est d\u00e9j\u00e0 lanc\u00e9 et les r\u00e9actions fusent dans toute l\u2019Europe.<\/p>\n\n\n\n<p class=\"wp-block-paragraph\"><strong>Une d\u00e9cision historique<\/strong><\/p>\n\n\n\n<p class=\"wp-block-paragraph\"><a href=\"https:\/\/www.lemonde.fr\/politique\/live\/2025\/04\/01\/en-direct-condamnation-de-marine-le-pen-la-cour-d-appel-de-paris-envisage-un-proces-avec-une-decision-a-l-ete-2026_6588724_823448.html\" target=\"_blank\" rel=\"noreferrer noopener\">Le 1er avril, la cour d\u2019appel de Paris a rendu un jugement<\/a>&nbsp;confirmant en grande partie les conclusions de premi\u00e8re instance dans l\u2019affaire des assistants parlementaires du Parlement europ\u00e9en.&nbsp;Cette d\u00e9cision ouvre la voie \u00e0 un proc\u00e8s au fond qui pourrait d\u00e9boucher sur une peine d\u2019in\u00e9ligibilit\u00e9 \u00e0 l&rsquo;\u00e9t\u00e9 2026.<\/p>\n\n\n\n<p class=\"wp-block-paragraph\">Les motivations du jugement, centr\u00e9es sur le caract\u00e8re frauduleux et organis\u00e9 du syst\u00e8me mis en place, ont suscit\u00e9 de nombreux d\u00e9bats dans la sph\u00e8re juridique.&nbsp;<a href=\"https:\/\/www.leclubdesjuristes.com\/justice\/condamnation-de-marine-le-pen-des-motivations-qui-font-debat-10159\/\" target=\"_blank\" rel=\"noreferrer noopener\">Certains sp\u00e9cialistes y voient une jurisprudence rigoureuse, d\u2019autres une d\u00e9cision politique<\/a>.<\/p>\n\n\n\n<p class=\"wp-block-paragraph\"><strong>La justice sous pression<\/strong><\/p>\n\n\n\n<p class=\"wp-block-paragraph\">Face aux critiques \u00e9manant de l\u2019entourage de Marine Le Pen et de certains de ses soutiens, la magistrature fran\u00e7aise a fait bloc. Dans une rare prise de position collective,&nbsp;<a href=\"https:\/\/www.lemonde.fr\/societe\/article\/2025\/04\/02\/apres-la-condamnation-de-marine-le-pen-la-justice-fait-bloc-face-aux-critiques-et-aux-menaces_6589764_3224.html\" target=\"_blank\" rel=\"noreferrer noopener\">plusieurs syndicats de magistrats ont exprim\u00e9 leur soutien \u00e0 l&rsquo;ind\u00e9pendance de la justice<\/a>, d\u00e9non\u00e7ant les tentatives de d\u00e9l\u00e9gitimation.<\/p>\n\n\n\n<p class=\"wp-block-paragraph\">La presse europ\u00e9enne a largement couvert l\u2019affaire, \u00e9voquant un&nbsp;<a href=\"https:\/\/www.touteleurope.eu\/vie-politique-des-etats-membres\/condamnation-de-marine-le-pen-la-presse-europeenne-evoque-un-tremblement-de-terre-politique\/\" target=\"_blank\" rel=\"noreferrer noopener\">\u00ab tremblement de terre politique \u00bb<\/a>&nbsp;en vu des prochaines \u00e9lections pr\u00e9sidentielles fran\u00e7aises.&nbsp;<\/p>\n\n\n\n<p class=\"wp-block-paragraph\"><strong>Soutiens internationaux&nbsp;<\/strong><\/p>\n\n\n\n<p class=\"wp-block-paragraph\">Dans les heures suivant l\u2019annonce de la condamnation, des figures politiques internationales ont manifest\u00e9 leur soutien \u00e0 Marine Le Pen. Le Premier ministre hongrois&nbsp;<a href=\"https:\/\/www.lefigaro.fr\/international\/je-suis-marine-viktor-orban-apporte-son-soutien-a-marine-le-pen-apres-sa-condamnation-20250331\" target=\"_blank\" rel=\"noreferrer noopener\">Viktor Orb\u00e1n a d\u00e9clar\u00e9 : \u00ab Je suis Marine \u00bb<\/a>, fustigeant une justice qu\u2019il consid\u00e8re comme instrumentalis\u00e9e \u00e0 des fins politiques.<\/p>\n\n\n\n<p class=\"wp-block-paragraph\">M\u00eame Vladimir Poutine, depuis Moscou, a exprim\u00e9 sa solidarit\u00e9, accusant l\u2019Union europ\u00e9enne de&nbsp;<a href=\"https:\/\/www.lesechos.fr\/politique-societe\/politique\/ineligibilite-de-marine-le-pen-poutine-et-orban-soutiennent-la-patronne-du-rn-2157128\" target=\"_blank\" rel=\"noreferrer noopener\">\u00ab pers\u00e9cuter les voix dissidentes \u00bb<\/a>.<\/p>\n\n\n\n<p class=\"wp-block-paragraph\">Donald Trump a \u00e9galement d\u00e9nonc\u00e9 la condamnation de Marine Le Pen comme&nbsp;<a href=\"https:\/\/www.lemonde.fr\/international\/article\/2025\/04\/04\/condamnation-de-marine-le-pen-donald-trump-appelle-a-la-liberation-de-la-dirigeante-d-extreme-droite-denoncant-une-chasse-aux-sorcieres_6590633_3210.html\" target=\"_blank\" rel=\"noreferrer noopener\">\u00ab une chasse aux sorci\u00e8res \u00bb<\/a>&nbsp;visant \u00e0 l\u2019\u00e9carter de la pr\u00e9sidentielle de 2027, appelant \u00e0 sa&nbsp;<a href=\"https:\/\/www.lemonde.fr\/international\/article\/2025\/04\/04\/condamnation-de-marine-le-pen-donald-trump-appelle-a-la-liberation-de-la-dirigeante-d-extreme-droite-denoncant-une-chasse-aux-sorcieres_6590633_3210.html\" target=\"_blank\" rel=\"noreferrer noopener\">\u00ab lib\u00e9ration \u00bb<\/a>. Son soutien s\u2019inscrit ainsi dans une mobilisation internationale des droites radicales contre cette d\u00e9cision judiciaire.<\/p>\n\n\n\n<p class=\"wp-block-paragraph\"><strong>Un proc\u00e8s \u00e0 hauts risques pour la d\u00e9mocratie fran\u00e7aise<\/strong><\/p>\n\n\n\n<p class=\"wp-block-paragraph\">Au-del\u00e0 du cas personnel de Marine Le Pen, cette affaire soul\u00e8ve des questions majeures sur l\u2019\u00e9tat de droit, l\u2019ind\u00e9pendance de la justice, et l\u2019interf\u00e9rence de puissances \u00e9trang\u00e8res dans le d\u00e9bat d\u00e9mocratique fran\u00e7ais. \u00c0 l&rsquo;approche de l\u2019\u00e9ch\u00e9ance pr\u00e9sidentielle, le verdict final pourrait rebattre les cartes du paysage politique national, et faire de ce proc\u00e8s un moment charni\u00e8re dans l\u2019histoire d\u00e9mocratique de la Ve R\u00e9publique.<\/p>\n\n\n\n<figure class=\"wp-block-image size-full\"><img data-recalc-dims=\"1\" loading=\"lazy\" decoding=\"async\" width=\"840\" height=\"438\" data-attachment-id=\"5463\" data-permalink=\"https:\/\/europanova.eu\/en\/2025\/04\/11\/europanovanews-du-11-avril-2025\/90-2-2\/\" data-orig-file=\"https:\/\/i0.wp.com\/europanova.eu\/wp-content\/uploads\/2025\/04\/90-2.jpeg?fit=840%2C438&amp;ssl=1\" data-orig-size=\"840,438\" data-comments-opened=\"0\" data-image-meta=\"{&quot;aperture&quot;:&quot;0&quot;,&quot;credit&quot;:&quot;&quot;,&quot;camera&quot;:&quot;&quot;,&quot;caption&quot;:&quot;&quot;,&quot;created_timestamp&quot;:&quot;0&quot;,&quot;copyright&quot;:&quot;&quot;,&quot;focal_length&quot;:&quot;0&quot;,&quot;iso&quot;:&quot;0&quot;,&quot;shutter_speed&quot;:&quot;0&quot;,&quot;title&quot;:&quot;&quot;,&quot;orientation&quot;:&quot;0&quot;}\" data-image-title=\"90-2\" data-image-description=\"\" data-image-caption=\"\" data-large-file=\"https:\/\/i0.wp.com\/europanova.eu\/wp-content\/uploads\/2025\/04\/90-2.jpeg?fit=840%2C438&amp;ssl=1\" src=\"https:\/\/i0.wp.com\/europanova.eu\/wp-content\/uploads\/2025\/04\/90-2.jpeg?resize=840%2C438&#038;ssl=1\" alt=\"\" class=\"wp-image-5463\" srcset=\"https:\/\/i0.wp.com\/europanova.eu\/wp-content\/uploads\/2025\/04\/90-2.jpeg?w=840&amp;ssl=1 840w, https:\/\/i0.wp.com\/europanova.eu\/wp-content\/uploads\/2025\/04\/90-2.jpeg?resize=300%2C156&amp;ssl=1 300w, https:\/\/i0.wp.com\/europanova.eu\/wp-content\/uploads\/2025\/04\/90-2.jpeg?resize=768%2C400&amp;ssl=1 768w, https:\/\/i0.wp.com\/europanova.eu\/wp-content\/uploads\/2025\/04\/90-2.jpeg?resize=18%2C9&amp;ssl=1 18w\" sizes=\"auto, (max-width: 840px) 100vw, 840px\" \/><\/figure>\n\n\n\n<h3 class=\"wp-block-heading\"><strong>Vers une reconnaissance fran\u00e7aise de l\u2019\u00c9tat palestinien : tournant diplomatique ou pari risqu\u00e9 ?<\/strong><\/h3>\n\n\n\n<p class=\"wp-block-paragraph\">Emmanuel Macron a surpris la sc\u00e8ne internationale en annon\u00e7ant son intention de reconna\u00eetre officiellement un \u00c9tat palestinien d\u2019ici juin 2025. Cette d\u00e9claration marque un tournant significatif dans la politique \u00e9trang\u00e8re de la France et intervient dans un contexte de fortes tensions \u00e0 Gaza.<\/p>\n\n\n\n<p class=\"wp-block-paragraph\"><strong>Une annonce symbolique mais aux effets concrets<\/strong><\/p>\n\n\n\n<p class=\"wp-block-paragraph\">Le pr\u00e9sident fran\u00e7ais a exprim\u00e9 sa volont\u00e9 de voir la France reconna\u00eetre l\u2019existence d\u2019un \u00c9tat palestinien&nbsp;<a href=\"https:\/\/www.lemonde.fr\/international\/article\/2025\/04\/10\/emmanuel-macron-pourrait-reconnaitre-l-etat-palestinien-en-juin_6593702_3210.html\" target=\"_blank\" rel=\"noreferrer noopener\">\u00ab au moment utile \u00bb<\/a>, vraisemblablement en juin, si aucune avanc\u00e9e concr\u00e8te n\u2019est obtenue dans les n\u00e9gociations de paix. Dans un entretien avec la presse, il a pr\u00e9cis\u00e9 que cette reconnaissance devait \u00eatre un levier pour&nbsp;<a href=\"https:\/\/www.lemonde.fr\/international\/article\/2025\/04\/10\/emmanuel-macron-souhaite-que-la-france-reconnaisse-l-existence-d-un-etat-palestinien-en-juin_6593495_3210.html\" target=\"_blank\" rel=\"noreferrer noopener\">\u00ab relancer une dynamique politique cr\u00e9dible \u00bb<\/a>&nbsp;en faveur d&rsquo;une solution \u00e0 deux \u00c9tats.<\/p>\n\n\n\n<p class=\"wp-block-paragraph\">Cette d\u00e9claration s\u2019inscrit dans une d\u00e9marche humanitaire et diplomatique, alors que la France s\u2019implique activement dans l\u2019aide \u00e0 Gaza. En visite \u00e0 Al-Arich, poste-fronti\u00e8re \u00e9gyptien bloqu\u00e9 par Isra\u00ebl,&nbsp;<a href=\"https:\/\/www.la-croix.com\/international\/emmanuel-macron-en-egypte-il-ne-faut-pas-lacher-sur-gaza-20250409\" target=\"_blank\" rel=\"noreferrer noopener\">Emmanuel Macron a appel\u00e9 \u00e0 ne pas rel\u00e2cher la pression sur la situation humanitaire \u00e0 Gaza<\/a>.<\/p>\n\n\n\n<p class=\"wp-block-paragraph\"><strong>Isra\u00ebl d\u00e9nonce une \u00ab r\u00e9compense pour le terrorisme \u00bb<\/strong><\/p>\n\n\n\n<p class=\"wp-block-paragraph\">Du c\u00f4t\u00e9 isra\u00e9lien, la r\u00e9action est imm\u00e9diate. Le gouvernement isra\u00e9lien estime que cette reconnaissance serait per\u00e7ue comme une&nbsp;<a href=\"https:\/\/www.lefigaro.fr\/international\/une-reconnaissance-de-l-etat-palestinien-par-la-france-serait-une-recompense-pour-le-terrorisme-estime-israel-20250410\" target=\"_blank\" rel=\"noreferrer noopener\">\u00ab r\u00e9compense pour le terrorisme \u00bb<\/a>, particuli\u00e8rement dans un contexte de guerre persistante avec le Hamas. J\u00e9rusalem redoute \u00e9galement que cette d\u00e9cision n\u2019entra\u00eene un effet domino au sein de l\u2019Union europ\u00e9enne.<\/p>\n\n\n\n<p class=\"wp-block-paragraph\"><strong>Un geste diplomatique isol\u00e9 ou le d\u00e9but d\u2019un mouvement europ\u00e9en ?<\/strong><\/p>\n\n\n\n<p class=\"wp-block-paragraph\">\u00c0 ce jour,&nbsp;<a href=\"https:\/\/www.touteleurope.eu\/l-ue-dans-le-monde\/carte-quels-etats-membres-de-l-union-europeenne-reconnaissent-la-palestine\/\" target=\"_blank\" rel=\"noreferrer noopener\">neuf \u00c9tats membres de l\u2019Union europ\u00e9enne reconnaissent officiellement l\u2019\u00c9tat de Palestine<\/a>, la plupart d\u2019entre eux situ\u00e9s en Europe de l\u2019Est ou du Nord. Si la France franchit ce pas, elle deviendrait le premier grand pays de l\u2019UE \u00e0 s\u2019engager dans cette voie, donnant ainsi un poids symbolique et diplomatique nouveau \u00e0 la cause palestinienne.<\/p>\n\n\n\n<p class=\"wp-block-paragraph\">Selon&nbsp;<em>Le Monde<\/em>,&nbsp;<a href=\"https:\/\/www.lemonde.fr\/les-decodeurs\/article\/2025\/04\/10\/combien-de-pays-reconnaissent-desormais-l-existence-d-un-etat-palestinien_6234866_4355771.html\" target=\"_blank\" rel=\"noreferrer noopener\">139 \u00c9tats dans le monde reconnaissent d\u00e9j\u00e0 l\u2019\u00c9tat palestinien<\/a>, y compris la majorit\u00e9 des pays du Sud global. Cette d\u00e9marche de Paris serait donc autant un rattrapage qu\u2019un acte de leadership diplomatique.<\/p>\n\n\n\n<p class=\"wp-block-paragraph\"><strong>Un pari diplomatique sous haute tension<\/strong><\/p>\n\n\n\n<p class=\"wp-block-paragraph\">D\u2019un point de vue juridique, la reconnaissance par la France n\u2019entra\u00eenerait pas la cr\u00e9ation d\u2019un \u00c9tat souverain palestinien, mais elle aurait des&nbsp;<a href=\"https:\/\/www.lefigaro.fr\/que-changera-la-reconnaissance-par-la-france-d-un-etat-palestinien-20250410\" target=\"_blank\" rel=\"noreferrer noopener\">cons\u00e9quences diplomatiques concr\u00e8tes<\/a>&nbsp;: ouverture d\u2019une ambassade, renforcement du statut de la Palestine dans les enceintes multilat\u00e9rales, et pression accrue sur Isra\u00ebl dans les n\u00e9gociations \u00e0 venir.<\/p>\n\n\n\n<p class=\"wp-block-paragraph\">En annon\u00e7ant cette reconnaissance potentielle, Emmanuel Macron tente de r\u00e9affirmer le r\u00f4le de la France comme puissance d\u2019\u00e9quilibre au Moyen-Orient. Reste \u00e0 savoir si ce choix renforcera le dialogue ou contribuera \u00e0 davantage d\u2019isolement diplomatique.<\/p>\n\n\n\n<figure class=\"wp-block-image size-full\"><img data-recalc-dims=\"1\" loading=\"lazy\" decoding=\"async\" width=\"800\" height=\"450\" data-attachment-id=\"5464\" data-permalink=\"https:\/\/europanova.eu\/en\/2025\/04\/11\/europanovanews-du-11-avril-2025\/p066342-857439-2048x1363-1-800x450\/\" data-orig-file=\"https:\/\/i0.wp.com\/europanova.eu\/wp-content\/uploads\/2025\/04\/P066342-857439-2048x1363-1-800x450-1.jpg?fit=800%2C450&amp;ssl=1\" data-orig-size=\"800,450\" data-comments-opened=\"0\" data-image-meta=\"{&quot;aperture&quot;:&quot;0&quot;,&quot;credit&quot;:&quot;&quot;,&quot;camera&quot;:&quot;&quot;,&quot;caption&quot;:&quot;&quot;,&quot;created_timestamp&quot;:&quot;0&quot;,&quot;copyright&quot;:&quot;&quot;,&quot;focal_length&quot;:&quot;0&quot;,&quot;iso&quot;:&quot;0&quot;,&quot;shutter_speed&quot;:&quot;0&quot;,&quot;title&quot;:&quot;&quot;,&quot;orientation&quot;:&quot;0&quot;}\" data-image-title=\"P066342-857439-2048&amp;#215;1363-1-800&amp;#215;450\" data-image-description=\"\" data-image-caption=\"\" data-large-file=\"https:\/\/i0.wp.com\/europanova.eu\/wp-content\/uploads\/2025\/04\/P066342-857439-2048x1363-1-800x450-1.jpg?fit=800%2C450&amp;ssl=1\" src=\"https:\/\/i0.wp.com\/europanova.eu\/wp-content\/uploads\/2025\/04\/P066342-857439-2048x1363-1-800x450-1.jpg?resize=800%2C450&#038;ssl=1\" alt=\"\" class=\"wp-image-5464\" srcset=\"https:\/\/i0.wp.com\/europanova.eu\/wp-content\/uploads\/2025\/04\/P066342-857439-2048x1363-1-800x450-1.jpg?w=800&amp;ssl=1 800w, https:\/\/i0.wp.com\/europanova.eu\/wp-content\/uploads\/2025\/04\/P066342-857439-2048x1363-1-800x450-1.jpg?resize=300%2C169&amp;ssl=1 300w, https:\/\/i0.wp.com\/europanova.eu\/wp-content\/uploads\/2025\/04\/P066342-857439-2048x1363-1-800x450-1.jpg?resize=768%2C432&amp;ssl=1 768w, https:\/\/i0.wp.com\/europanova.eu\/wp-content\/uploads\/2025\/04\/P066342-857439-2048x1363-1-800x450-1.jpg?resize=18%2C10&amp;ssl=1 18w\" sizes=\"auto, (max-width: 800px) 100vw, 800px\" \/><\/figure>\n\n\n\n<h3 class=\"wp-block-heading\"><strong>Sommet de Samarcande : l\u2019Union europ\u00e9enne tisse sa toile en Asie centrale<\/strong><\/h3>\n\n\n\n<p class=\"wp-block-paragraph\">C\u2019est une premi\u00e8re historique. Le 4 avril 2025, l\u2019Union europ\u00e9enne a tenu \u00e0 Samarcande, en Ouzb\u00e9kistan, son tout premier sommet officiel avec les cinq pays d\u2019Asie centrale (Kazakhstan, Kirghizistan, Ouzb\u00e9kistan, Tadjikistan et Turkm\u00e9nistan).<\/p>\n\n\n\n<p class=\"wp-block-paragraph\"><strong>Un partenariat strat\u00e9gique \u00e0 long terme<\/strong><\/p>\n\n\n\n<p class=\"wp-block-paragraph\">Le sommet a permis de poser les bases d\u2019un&nbsp;<a href=\"https:\/\/www.consilium.europa.eu\/fr\/meetings\/international-summit\/2025\/04\/04\/\" target=\"_blank\" rel=\"noreferrer noopener\">partenariat renforc\u00e9 et \u00e9quilibr\u00e9 avec les \u00c9tats d\u2019Asie centrale<\/a>. Au programme : coop\u00e9ration \u00e9conomique, infrastructures, connectivit\u00e9, s\u00e9curit\u00e9 r\u00e9gionale, transition verte et num\u00e9rique.<\/p>\n\n\n\n<p class=\"wp-block-paragraph\">Le message de Bruxelles est clair :&nbsp;<a href=\"https:\/\/www.euractiv.fr\/section\/international\/news\/le-sommet-de-samarkand-permet-a-lue-dapprofondir-ses-relations-strategiques-avec-lasie-centrale\/\" target=\"_blank\" rel=\"noreferrer noopener\">offrir une alternative cr\u00e9dible \u00e0 l\u2019influence croissante de la Chine et de la Russie dans la r\u00e9gion<\/a>.<\/p>\n\n\n\n<p class=\"wp-block-paragraph\">Les pays d\u2019Asie centrale, quant \u00e0 eux, cherchent \u00e0 diversifier leurs partenariats, dans un souci croissant d\u2019autonomie strat\u00e9gique. L\u2019UE devient alors un partenaire convoit\u00e9 pour son mod\u00e8le fond\u00e9 sur la stabilit\u00e9, le d\u00e9veloppement durable et la coop\u00e9ration \u00e9conomique sans vis\u00e9es h\u00e9g\u00e9moniques. Comme le souligne&nbsp;<a href=\"https:\/\/www.touteleurope.eu\/l-ue-dans-le-monde\/l-union-europeenne-resserre-ses-liens-avec-l-asie-centrale-lors-d-un-sommet-inedit\/\" target=\"_blank\" rel=\"noreferrer noopener\"><em>Toute l\u2019Europe<\/em><\/a>, ce sommet in\u00e9dit a \u00e9t\u00e9 l\u2019occasion d\u2019adopter une feuille de route commune sur les infrastructures, l\u2019\u00e9nergie et la r\u00e9silience climatique.<\/p>\n\n\n\n<p class=\"wp-block-paragraph\"><strong>Une ouverture strat\u00e9gique \u00e0 suivre de pr\u00e8s<\/strong><\/p>\n\n\n\n<p class=\"wp-block-paragraph\">Avec ce sommet fondateur, l\u2019Union europ\u00e9enne prend enfin pied de mani\u00e8re structur\u00e9e en Asie centrale. Reste \u00e0 transformer l\u2019essai : faire vivre les projets, maintenir l\u2019\u00e9quilibre entre influence et coop\u00e9ration, et incarner une troisi\u00e8me voie cr\u00e9dible dans une r\u00e9gion hautement strat\u00e9gique.<\/p>\n\n\n\n<figure class=\"wp-block-image size-full\"><img data-recalc-dims=\"1\" loading=\"lazy\" decoding=\"async\" width=\"840\" height=\"559\" data-attachment-id=\"5466\" data-permalink=\"https:\/\/europanova.eu\/en\/2025\/04\/11\/europanovanews-du-11-avril-2025\/cdn4-premiumread-com\/\" data-orig-file=\"https:\/\/i0.wp.com\/europanova.eu\/wp-content\/uploads\/2025\/04\/cdn4.premiumread.com_.jpeg?fit=840%2C559&amp;ssl=1\" data-orig-size=\"840,559\" data-comments-opened=\"0\" data-image-meta=\"{&quot;aperture&quot;:&quot;0&quot;,&quot;credit&quot;:&quot;&quot;,&quot;camera&quot;:&quot;&quot;,&quot;caption&quot;:&quot;&quot;,&quot;created_timestamp&quot;:&quot;0&quot;,&quot;copyright&quot;:&quot;&quot;,&quot;focal_length&quot;:&quot;0&quot;,&quot;iso&quot;:&quot;0&quot;,&quot;shutter_speed&quot;:&quot;0&quot;,&quot;title&quot;:&quot;&quot;,&quot;orientation&quot;:&quot;0&quot;}\" data-image-title=\"cdn4.premiumread.com\" data-image-description=\"\" data-image-caption=\"\" data-large-file=\"https:\/\/i0.wp.com\/europanova.eu\/wp-content\/uploads\/2025\/04\/cdn4.premiumread.com_.jpeg?fit=840%2C559&amp;ssl=1\" src=\"https:\/\/i0.wp.com\/europanova.eu\/wp-content\/uploads\/2025\/04\/cdn4.premiumread.com_.jpeg?resize=840%2C559&#038;ssl=1\" alt=\"\" class=\"wp-image-5466\" srcset=\"https:\/\/i0.wp.com\/europanova.eu\/wp-content\/uploads\/2025\/04\/cdn4.premiumread.com_.jpeg?w=840&amp;ssl=1 840w, https:\/\/i0.wp.com\/europanova.eu\/wp-content\/uploads\/2025\/04\/cdn4.premiumread.com_.jpeg?resize=300%2C200&amp;ssl=1 300w, https:\/\/i0.wp.com\/europanova.eu\/wp-content\/uploads\/2025\/04\/cdn4.premiumread.com_.jpeg?resize=768%2C511&amp;ssl=1 768w, https:\/\/i0.wp.com\/europanova.eu\/wp-content\/uploads\/2025\/04\/cdn4.premiumread.com_.jpeg?resize=18%2C12&amp;ssl=1 18w\" sizes=\"auto, (max-width: 840px) 100vw, 840px\" \/><\/figure>\n\n\n\n<h3 class=\"wp-block-heading\"><strong>Nouvelle \u00e8re \u00e0 Berlin : Friedrich Merz d\u00e9voile son programme de coalition<\/strong><\/h3>\n\n\n\n<p class=\"wp-block-paragraph\">L\u2019Allemagne entre dans une nouvelle phase politique. Le 9 avril 2025, le futur chancelier Friedrich Merz a pr\u00e9sent\u00e9 l&rsquo;accord de coalition qui encadrera l\u2019action de son gouvernement, fruit d\u2019un compromis entre sa formation, la CDU, et une partie du SPD.<\/p>\n\n\n\n<p class=\"wp-block-paragraph\"><strong>Immigration, fiscalit\u00e9, administration : les priorit\u00e9s affich\u00e9es<\/strong><\/p>\n\n\n\n<p class=\"wp-block-paragraph\">La conf\u00e9rence de presse du nouveau chancelier a pos\u00e9 les bases de sa gouvernance :&nbsp;<a href=\"https:\/\/www.lemonde.fr\/international\/article\/2025\/04\/10\/immigration-illegale-impots-bureaucratie-le-nouveau-chancelier-allemand-friedrich-merz-presente-son-accord-de-coalition_6593563_3210.html\" target=\"_blank\" rel=\"noreferrer noopener\">durcissement du cadre migratoire, simplification administrative et all\u00e8gement de la pression fiscale<\/a>&nbsp;figurent en t\u00eate de son programme. Merz s\u2019est par exemple engag\u00e9 \u00e0 renforcer le contr\u00f4le des fronti\u00e8res et \u00e0 limiter les prestations sociales pour les demandeurs d\u2019asile, tout en promettant une acc\u00e9l\u00e9ration des proc\u00e9dures d\u2019expulsion. Sur le plan \u00e9conomique, il propose un ajustement mod\u00e9r\u00e9 des imp\u00f4ts et une r\u00e9forme de l\u2019administration pour&nbsp;<a href=\"https:\/\/www.lemonde.fr\/international\/article\/2025\/04\/10\/immigration-illegale-impots-bureaucratie-le-nouveau-chancelier-allemand-friedrich-merz-presente-son-accord-de-coalition_6593563_3210.html\" target=\"_blank\" rel=\"noreferrer noopener\">\u00ab restaurer l\u2019efficacit\u00e9 de l\u2019\u00c9tat \u00bb<\/a>, tout en maintenant les engagements budg\u00e9taires allemands au niveau europ\u00e9en.<\/p>\n\n\n\n<p class=\"wp-block-paragraph\"><strong>Une alliance CDU-SPD inattendue<\/strong><\/p>\n\n\n\n<p class=\"wp-block-paragraph\">L\u2019accord de coalition conclu entre la CDU et une aile mod\u00e9r\u00e9e du SPD, excluant les Verts, a surpris la classe politique allemande et europ\u00e9enne. Selon&nbsp;<a href=\"https:\/\/www.politico.eu\/article\/friedrich-merz-germany-christian-democratic-union-social-democratic-party-coalition-talks\/\" target=\"_blank\" rel=\"noreferrer noopener\"><em>Politico<\/em>, cette coalition \u00ab de raison \u00bb<\/a>&nbsp;traduit une volont\u00e9 de stabilit\u00e9, mais refl\u00e8te aussi les difficult\u00e9s de former une majorit\u00e9 dans un paysage politique de plus en plus fragment\u00e9.<\/p>\n\n\n\n<p class=\"wp-block-paragraph\">L\u2019accord a \u00e9t\u00e9 formellement valid\u00e9 par les deux partis le 10 avril, donnant \u00e0 Merz une&nbsp;<a href=\"https:\/\/www.lesechos.fr\/monde\/europe\/accord-de-coalition-en-allemagne-pour-former-un-nouveau-gouvernement-2159030\" target=\"_blank\" rel=\"noreferrer noopener\">base parlementaire solide<\/a>, bien que fragile sur certains sujets clivants comme l\u2019\u00e9cologie ou l\u2019int\u00e9gration europ\u00e9enne.<\/p>\n\n\n\n<p class=\"wp-block-paragraph\"><strong>D\u00e9fense europ\u00e9enne et soutien \u00e0 l\u2019Ukraine : cap maintenu<\/strong><\/p>\n\n\n\n<p class=\"wp-block-paragraph\">Lors de sa prise de parole, Merz a \u00e9galement r\u00e9affirm\u00e9 le soutien de l\u2019Allemagne \u00e0 l\u2019Ukraine, promettant de maintenir l\u2019aide militaire et humanitaire. Il a en outre soulign\u00e9 l&rsquo;importance de renforcer la&nbsp;<a href=\"https:\/\/www.lefigaro.fr\/international\/ukraine-defense-europeenne-immigration-ce-qu-il-faut-retenir-de-la-conference-de-presse-de-friedrich-merz-20250409\" target=\"_blank\" rel=\"noreferrer noopener\">capacit\u00e9 de d\u00e9fense europ\u00e9enne<\/a>, en coop\u00e9ration \u00e9troite avec la France et les institutions de l\u2019UE.<\/p>\n\n\n\n<p class=\"wp-block-paragraph\"><strong>Un gouvernement de compromis sous haute attente<\/strong><\/p>\n\n\n\n<p class=\"wp-block-paragraph\">Avec cet accord de coalition, Friedrich Merz lance une nouvelle \u00e8re politique en Allemagne, entre prudence budg\u00e9taire, fermet\u00e9 migratoire et continuit\u00e9 diplomatique. Reste \u00e0 voir si cette approche \u00ab de stabilit\u00e9 \u00bb suffira \u00e0 r\u00e9pondre aux d\u00e9fis \u00e9conomiques, sociaux et g\u00e9opolitiques qui se profilent.<\/p>","protected":false},"excerpt":{"rendered":"<p>Inscrivez-vous sur&nbsp;ce lien&nbsp;pour recevoir gratuitement et directement notre newsletter dans votre boite mail ! L\u2019Union europ\u00e9enne se trouve \u00e0 un tournant de civilisation,&nbsp;les Europ\u00e9ens doivent se mobiliser pour faire de l\u2019Europe une puissance d\u00e9mocratique majeure&nbsp;du XXI\u00e8me, \u00e0 l\u2019avant-garde des grandes transformations technologiques, soci\u00e9tales et climatiques. Dans un contexte de r\u00e9\u00e9quilibrage g\u00e9opolitique et g\u00e9o-\u00e9conomique,&nbsp;EuropaNova souhaite apporter [&hellip;]<\/p>\n","protected":false},"author":234807144,"featured_media":0,"comment_status":"closed","ping_status":"closed","sticky":false,"template":"","format":"standard","meta":{"_crdt_document":"","advanced_seo_description":"","jetpack_seo_html_title":"","jetpack_seo_noindex":false,"_jetpack_newsletter_access":"","_jetpack_dont_email_post_to_subs":true,"_jetpack_newsletter_tier_id":0,"_jetpack_memberships_contains_paywalled_content":false,"_jetpack_memberships_contains_paid_content":false,"footnotes":"","jetpack_publicize_message":"","jetpack_publicize_feature_enabled":true,"jetpack_social_post_already_shared":true,"jetpack_social_options":{"image_generator_settings":{"template":"highway","enabled":false},"version":2},"_wpas_customize_per_network":false,"jetpack_post_was_ever_published":false},"categories":[6325],"tags":[],"class_list":["post-5457","post","type-post","status-publish","format-standard","hentry","category-non-classe"],"jetpack_publicize_connections":[],"jetpack_featured_media_url":"","jetpack_likes_enabled":true,"jetpack_sharing_enabled":true,"jetpack_shortlink":"https:\/\/wp.me\/peMWIh-1q1","_links":{"self":[{"href":"https:\/\/europanova.eu\/en\/wp-json\/wp\/v2\/posts\/5457","targetHints":{"allow":["GET"]}}],"collection":[{"href":"https:\/\/europanova.eu\/en\/wp-json\/wp\/v2\/posts"}],"about":[{"href":"https:\/\/europanova.eu\/en\/wp-json\/wp\/v2\/types\/post"}],"author":[{"embeddable":true,"href":"https:\/\/europanova.eu\/en\/wp-json\/wp\/v2\/users\/234807144"}],"replies":[{"embeddable":true,"href":"https:\/\/europanova.eu\/en\/wp-json\/wp\/v2\/comments?post=5457"}],"version-history":[{"count":7,"href":"https:\/\/europanova.eu\/en\/wp-json\/wp\/v2\/posts\/5457\/revisions"}],"predecessor-version":[{"id":5469,"href":"https:\/\/europanova.eu\/en\/wp-json\/wp\/v2\/posts\/5457\/revisions\/5469"}],"wp:attachment":[{"href":"https:\/\/europanova.eu\/en\/wp-json\/wp\/v2\/media?parent=5457"}],"wp:term":[{"taxonomy":"category","embeddable":true,"href":"https:\/\/europanova.eu\/en\/wp-json\/wp\/v2\/categories?post=5457"},{"taxonomy":"post_tag","embeddable":true,"href":"https:\/\/europanova.eu\/en\/wp-json\/wp\/v2\/tags?post=5457"}],"curies":[{"name":"wp","href":"https:\/\/api.w.org\/{rel}","templated":true}]}}