{"id":512,"date":"2023-05-11T09:37:16","date_gmt":"2023-05-11T07:37:16","guid":{"rendered":"https:\/\/europanova.eu\/?p=512"},"modified":"2024-01-24T13:33:18","modified_gmt":"2024-01-24T12:33:18","slug":"les-consequences-de-la-guerre-en-ukraine-pour-le-projet-europeen","status":"publish","type":"post","link":"https:\/\/europanova.eu\/en\/2023\/05\/11\/les-consequences-de-la-guerre-en-ukraine-pour-le-projet-europeen\/","title":{"rendered":"The consequences of the war in Ukraine for the European project"},"content":{"rendered":"<h3 class=\"wp-block-heading\">Le moment semble \u00eatre venu pour l\u2019UE de s\u2019assumer en tant qu\u2019entit\u00e9 g\u00e9opolitique, avec un r\u00f4le et une responsabilit\u00e9 accrus dans la gouvernance mondiale et envers son voisinage. Les implications de la guerre en Ukraine seront consid\u00e9rables : pour le peuple ukrainien d\u2019abord, mais aussi pour le r\u00f4le des r\u00e8gles d\u00e9mocratiques dans l\u2019ordre mondial, pour le red\u00e9coupage de la carte de l\u2019Europe et l\u2019avenir du projet europ\u00e9en.<\/h3>\n\n\n\n<p class=\"wp-block-paragraph\">Pour le moment, sous le choc de l\u2019invasion russe, l\u2019UE a fini par se rassembler autour de quelques premi\u00e8res mesures fondamentales : organiser l\u2019accueil de la premi\u00e8re vague de r\u00e9fugi\u00e9s, fournir des armes aux forces ukrainiennes, mettre en place des sanctions ayant un impact sur le syst\u00e8me financier et \u00e9conomique russe, se coordonner avec les autres organismes internationaux pour isoler l\u2019offensive de Poutine, bien que limit\u00e9e par le risque d\u2019une escalade aux cons\u00e9quences impr\u00e9visibles. Mais cette guerre, gr\u00e2ce \u00e0 la r\u00e9ponse h\u00e9ro\u00efque du peuple ukrainien qui a d\u00e9jou\u00e9 le raid initialement pr\u00e9vu par Poutine, peut s\u2019\u00e9terniser et son issue est encore tr\u00e8s incertaine. Elle peut aller de la d\u00e9faite et de la soumission \u00e0 la Russie, \u00e0 un d\u00e9tachement de provinces et \u00e0 la cr\u00e9ation d\u2019une zone tampon, ou \u00e0 une victoire relative de l\u2019Ukraine avec un rapprochement avec l\u2019UE. Et plusieurs questions essentielles se poseront d\u2019ici l\u00e0.<\/p>\n\n\n\n<p class=\"wp-block-paragraph\">Comment accueillir une grande vague de r\u00e9fugi\u00e9s sans r\u00e9p\u00e9ter les blocages regrettables constat\u00e9s r\u00e9cemment ? Il faudra rapidement mettre en place des canaux humanitaires et de protection temporaire tout en organisant enfin un v\u00e9ritable syst\u00e8me d\u2019asile europ\u00e9en bas\u00e9 sur des fronti\u00e8res europ\u00e9ennes, une coordination europ\u00e9enne et un partage des efforts entre tous les Etats membres.<\/p>\n\n\n\n<p class=\"wp-block-paragraph\">Comment cr\u00e9er les conditions d\u2019un accord de cessez-le-feu qui r\u00e9duira les pertes civiles et militaires et emp\u00eachera l\u2019escalade du conflit tout en minimisant les concessions \u00e0 faire \u00e0 Poutine ? Il faudra le mettre sous une pression maximale avec des sanctions financi\u00e8res, \u00e9conomiques et politiques. Il est tout aussi crucial de mobiliser l\u2019ensemble des partenaires internationaux et &#8211; autant que possible &#8211; la population russe elle-m\u00eame, et de renforcer le soutien \u00e0 la r\u00e9sistance ukrainienne. Mais il s\u2019agit d\u2019une course contre la montre qui sera pay\u00e9e par des vies ukrainiennes.<\/p>\n\n\n\n<p class=\"wp-block-paragraph\">Comment r\u00e9pondre \u00e0 l\u2019offensive russe dans le cyberespace &#8211; cette nouvelle forme de guerre &#8211; visant \u00e0 attaquer les diff\u00e9rents syst\u00e8mes num\u00e9ris\u00e9s et \u00e0 manipuler l\u2019opinion publique russe et internationale ?&nbsp;<\/p>\n\n\n\n<blockquote class=\"wp-block-quote is-layout-flow wp-block-quote-is-layout-flow\">\n<p class=\"wp-block-paragraph\">Il faudra rapidement d\u00e9velopper de plus grandes capacit\u00e9s en mati\u00e8re de cybers\u00e9curit\u00e9 et activer une information publique mondialement accessible dans le monde entier.<\/p>\n<\/blockquote>\n\n\n\n<p class=\"wp-block-paragraph\">Comment r\u00e9ussir \u00e0 r\u00e9duire drastiquement la d\u00e9pendance \u00e9nerg\u00e9tique de l\u2019Europe vis-\u00e0-vis de la Russie sans encourir le risque d\u2019un chantage ou d\u2019une nouvelle spirale d\u2019inflation ou pire de stagflation ? Il faudra diversifier les sources d\u2019approvisionnement et acc\u00e9l\u00e9rer la transition vers les \u00e9nergies renouvelables avec la capacit\u00e9 d\u2019investissement n\u00e9cessaire. Cela implique de prolonger l\u2019exceptionnelle capacit\u00e9 budg\u00e9taire europ\u00e9enne cr\u00e9\u00e9e pour r\u00e9pondre \u00e0 la pand\u00e9mie, de maintenir la suspension du Pacte de stabilit\u00e9 et de croissance et de le r\u00e9former pour les temps \u00e0 venir. Une transition plus rapide ne peut pas creuser les in\u00e9galit\u00e9s sociales et r\u00e9gionales en Europe.<\/p>\n\n\n\n<p class=\"wp-block-paragraph\">Comment r\u00e9pondre aux appels \u00e0 l\u2019adh\u00e9sion de l\u2019Ukraine \u00e0 l\u2019UE et \u00e0 ceux qui \u00e9manent des pays d\u2019Europe de l\u2019Est, \u00e0 commencer par les Balkans occidentaux, quand on sait que l\u2019int\u00e9gration n\u00e9cessite un effort pr\u00e9paratoire important de la part des pays candidats pour r\u00e9pondre aux conditions exigeantes du march\u00e9 unique europ\u00e9en et de l\u2019\u00c9tat de droit d\u00e9mocratique ? Des instruments de partenariat et de soutien bien plus efficaces doivent \u00eatre d\u00e9velopp\u00e9s.<\/p>\n\n\n\n<p class=\"wp-block-paragraph\">Comment pouvons-nous emp\u00eacher la Russie dirig\u00e9e par Poutine de gagner davantage d\u2019alli\u00e9s d\u00e9clar\u00e9s ou cach\u00e9s ? La position de la Chine sera cruciale, car elle pourrait provoquer ou emp\u00eacher une fracture de la gouvernance mondiale et l\u2019av\u00e8nement d\u2019une nouvelle guerre froide. Une UE beaucoup plus proactive sera n\u00e9cessaire pour d\u00e9samorcer ces risques et faire pression pour une solution n\u00e9goci\u00e9e et un syst\u00e8me multilat\u00e9ral inclusif mais plus efficace. Le r\u00e9cent vote de l\u2019Assembl\u00e9e g\u00e9n\u00e9rale des Nations unies qui a isol\u00e9 Poutine est un point de d\u00e9part important.<\/p>\n\n\n\n<p class=\"wp-block-paragraph\">Il est temps pour l\u2019Union europ\u00e9enne de jouer le r\u00f4le g\u00e9opolitique qui lui revient et d\u2019assumer ses responsabilit\u00e9s dans la gouvernance mondiale et envers son voisinage.<\/p>\n\n\n\n<p class=\"wp-block-paragraph\">Cela implique de doter le bloc d\u2019instruments plus robustes pour son approfondissement et son \u00e9largissement, de surmonter les divers tabous et blocages concernant une politique \u00e9trang\u00e8re plus coh\u00e9rente, une capacit\u00e9 de d\u00e9fense europ\u00e9enne en liaison avec l\u2019OTAN, un syst\u00e8me d\u2019asile europ\u00e9en r\u00e9form\u00e9, une union europ\u00e9enne de l\u2019\u00e9nergie, une politique industrielle et num\u00e9rique europ\u00e9enne et une capacit\u00e9 fiscale renforc\u00e9e fond\u00e9e sur la convergence fiscale.<\/p>\n\n\n\n<p class=\"wp-block-paragraph\">Il faudra peut-\u00eatre envisager une architecture \u00e0 plusieurs vitesses si certains \u00c9tats membres ne veulent pas ou ne peuvent pas pour l\u2019instant suivre le rythme n\u00e9cessaire. Il reste \u00e0 voir \u00e0 quelles conditions la coexistence avec la Russie pourra un jour \u00eatre r\u00e9tablie.<\/p>\n\n\n\n<p class=\"wp-block-paragraph\">La lutte contre la pand\u00e9mie a donn\u00e9 un nouvel \u00e9lan au projet europ\u00e9en. La bataille contre le nouveau visage de la tyrannie &#8211; avec l\u2019Ukraine \u00e0 son \u00e9picentre \u2013 devrait en fournir un encore plus grand.<\/p>\n\n\n\n<p class=\"wp-block-paragraph\">\u200d<\/p>\n\n\n\n<h5 class=\"wp-block-heading\">Maria Jo\u00e3o Rodrigues, pr\u00e9sidente de la FEPS (Foundation for European Progressive Studies), ancienne ministre du Travail au Portugal, ancienne d\u00e9put\u00e9e europ\u00e9enne.&nbsp;<\/h5>","protected":false},"excerpt":{"rendered":"<p>Le moment semble \u00eatre venu pour l\u2019UE de s\u2019assumer en tant qu\u2019entit\u00e9 g\u00e9opolitique, avec un r\u00f4le et une responsabilit\u00e9 accrus dans la gouvernance mondiale et envers son voisinage. Les implications de la guerre en Ukraine seront consid\u00e9rables : pour le peuple ukrainien d\u2019abord, mais aussi pour le r\u00f4le des r\u00e8gles d\u00e9mocratiques dans l\u2019ordre mondial, pour [&hellip;]<\/p>\n","protected":false},"author":234807144,"featured_media":513,"comment_status":"open","ping_status":"open","sticky":false,"template":"anciennes-publications-non-datees","format":"standard","meta":{"_crdt_document":"","advanced_seo_description":"","jetpack_seo_html_title":"","jetpack_seo_noindex":false,"_jetpack_newsletter_access":"","_jetpack_dont_email_post_to_subs":false,"_jetpack_newsletter_tier_id":0,"_jetpack_memberships_contains_paywalled_content":false,"_jetpack_memberships_contains_paid_content":false,"footnotes":"","jetpack_publicize_message":"","jetpack_publicize_feature_enabled":true,"jetpack_social_post_already_shared":false,"jetpack_social_options":{"image_generator_settings":{"template":"highway","default_image_id":0,"font":"","enabled":false},"version":2},"_wpas_customize_per_network":false,"jetpack_post_was_ever_published":false},"categories":[6667731,6270],"tags":[],"class_list":["post-512","post","type-post","status-publish","format-standard","has-post-thumbnail","hentry","category-nos-articles","category-publications"],"jetpack_publicize_connections":[],"jetpack_featured_media_url":"https:\/\/i0.wp.com\/europanova.eu\/wp-content\/uploads\/2023\/05\/629a102992e7218fd36fb2ea_daniele-franchi-vhrbzj7hcke-unsplash-p-2600-1.jpg?fit=2600%2C1592&ssl=1","jetpack_likes_enabled":true,"jetpack_sharing_enabled":true,"jetpack_shortlink":"https:\/\/wp.me\/peMWIh-8g","_links":{"self":[{"href":"https:\/\/europanova.eu\/en\/wp-json\/wp\/v2\/posts\/512","targetHints":{"allow":["GET"]}}],"collection":[{"href":"https:\/\/europanova.eu\/en\/wp-json\/wp\/v2\/posts"}],"about":[{"href":"https:\/\/europanova.eu\/en\/wp-json\/wp\/v2\/types\/post"}],"author":[{"embeddable":true,"href":"https:\/\/europanova.eu\/en\/wp-json\/wp\/v2\/users\/234807144"}],"replies":[{"embeddable":true,"href":"https:\/\/europanova.eu\/en\/wp-json\/wp\/v2\/comments?post=512"}],"version-history":[{"count":1,"href":"https:\/\/europanova.eu\/en\/wp-json\/wp\/v2\/posts\/512\/revisions"}],"predecessor-version":[{"id":514,"href":"https:\/\/europanova.eu\/en\/wp-json\/wp\/v2\/posts\/512\/revisions\/514"}],"wp:featuredmedia":[{"embeddable":true,"href":"https:\/\/europanova.eu\/en\/wp-json\/wp\/v2\/media\/513"}],"wp:attachment":[{"href":"https:\/\/europanova.eu\/en\/wp-json\/wp\/v2\/media?parent=512"}],"wp:term":[{"taxonomy":"category","embeddable":true,"href":"https:\/\/europanova.eu\/en\/wp-json\/wp\/v2\/categories?post=512"},{"taxonomy":"post_tag","embeddable":true,"href":"https:\/\/europanova.eu\/en\/wp-json\/wp\/v2\/tags?post=512"}],"curies":[{"name":"wp","href":"https:\/\/api.w.org\/{rel}","templated":true}]}}