{"id":509,"date":"2023-05-11T09:31:51","date_gmt":"2023-05-11T07:31:51","guid":{"rendered":"https:\/\/europanova.eu\/?p=509"},"modified":"2024-01-24T13:26:44","modified_gmt":"2024-01-24T12:26:44","slug":"elles-font-bouger-leurope-interview-de-madi-seydi","status":"publish","type":"post","link":"https:\/\/europanova.eu\/en\/2023\/05\/11\/elles-font-bouger-leurope-interview-de-madi-seydi\/","title":{"rendered":"Elles font bouger l\u2019Europe &#8211; Interview de Madi Seydi\u200d"},"content":{"rendered":"<h3 class=\"wp-block-heading\"><strong>Directrice en conseil\/communication\/influence chez Agence Solicom, pensez-vous que la communication est un outil assez puissant pour faire avancer les droits des femmes ?<\/strong><\/h3>\n\n\n\n<p class=\"wp-block-paragraph\">La communication est un outil formidable pour sensibiliser, donner davantage de r\u00e9sonnance \u00e0 un message, une cause ou un plaidoyer. Elle me permet en tant que militante en faveur des droits des femmes et de l\u2019empowrement f\u00e9minin de partager ma vision, mes combats et mes coups de gueule. Mais surtout la communication \u00e0 travers l\u2019usage des r\u00e9seaux sociaux me permet de cr\u00e9er des connexions avec des femmes et des hommes engag\u00e9s pour la cause, de mutualiser nos voix et forces pour avoir beaucoup plus d\u2019impact.<\/p>\n\n\n\n<p class=\"wp-block-paragraph\">\u200d<\/p>\n\n\n\n<h3 class=\"wp-block-heading\"><strong>Class\u00e9e 20e parmi le top 50 des influenceurs de la communication publique, (f\u00e9licitations d\u2019ailleurs \ud83d\ude09 ) pensez-vous que les charg\u00e9s de communications, de conseil, et d\u2019influence ainsi que les influenceurs jouent un r\u00f4le, et donc in fine, une responsabilit\u00e9 sur l\u2019impact que leurs posts pourraient faire pour faire avancer les droits des femmes ?<\/strong><\/h3>\n\n\n\n<p class=\"wp-block-paragraph\">Merci beaucoup ! C \u2018est d\u2019ailleurs une agr\u00e9able surprise pour moi de me voir figurer dans le classement des 50 influenceurs de la communication publique. Les acteurs de la communication de mani\u00e8re g\u00e9n\u00e9rale et les influenceurs en particulier peuvent avoir \u00e0 mon sens un r\u00f4le puissant en termes de valorisation d\u2019un message ou de mise en lumi\u00e8re d\u2019une cause. Nous avons la capacit\u00e9 de prendre la parole sur un sujet, pour ma part les droits des femmes mais pas que, le valoriser, mettre en exergue ses enjeux et interpeller l\u2019opinion publique dans le but d\u2019inciter le plus grand nombre \u00e0 agir \u00e0 nos c\u00f4t\u00e9s. Je sais pouvoir compter sur les diff\u00e9rentes communaut\u00e9s associatives ou social media auxquelles j\u2019appartiens pour m\u2019aider \u00e0 pousser mes messages, les partager, leur donner de la visibilit\u00e9 et la force n\u00e9cessaire pour avoir un impact effectif. Donc effectivement, je pense que les communicants, les influenceurs ont une responsabilit\u00e9 quant \u00e0 la nature des contenus partag\u00e9s mais aussi sur l\u2019impact qu\u2019ils sont susceptibles d\u2019avoir aussi bien sur ceux qui les re\u00e7oivent que globalement dans la soci\u00e9t\u00e9. La communication permet de donner du sens et plus d\u2019impact pour faire avancer la cause et les droits des femmes.<\/p>\n\n\n\n<p class=\"wp-block-paragraph\">\u200d<\/p>\n\n\n\n<h3 class=\"wp-block-heading\"><strong>D\u2019ailleurs, ne serait-il pas pertinent d\u2019inclure dans chaque structure que ce soient les associations, les groupes politiques, les administrations ou encore les entreprises sans oublier les institutions scolaires et universitaires, une personne employ\u00e9e afin de travailler sur l\u2019int\u00e9gration du concept de genre dans chaque action et programme ?<\/strong><\/h3>\n\n\n\n<p class=\"wp-block-paragraph\">La question du genre est primordiale en ce qu\u2019elle est omnipr\u00e9sente dans notre soci\u00e9t\u00e9. Qu\u2019importe le type d\u2019organisation \u00e0 un moment donn\u00e9 de son l\u2019\u00e9volution, les personnes qui la composent se retrouveront confront\u00e9s \u00e0 une probl\u00e9matique en lien avec le genre. Je suis de ceux qui pensent que plus on agit en amont et plus notre action est efficace, c\u2019est pourquoi je reste convaincue qu\u2019il ne faut pas attendre que la question se pose pour se doter d\u2019une personne en charge des questions de genre. Il faut penser ce poste d\u00e8s la cr\u00e9ation de la structure et en faire une marque de fabrique. Les sujets des droits des femmes comme celui de l\u2019\u00e9galit\u00e9 rel\u00e8vent du bon sens et doivent \u00eatre au c\u0153ur des organisations de la m\u00eame mani\u00e8re que toutes ces structures, programmes et organisations sont con\u00e7us pour recevoir des femmes ET des hommes. On devrait presque \u00ab banaliser \u00bb ce sujet qui devrait faire partie int\u00e9grante des organisations et de fait ne plus en \u00eatre un.<\/p>\n\n\n\n<p class=\"wp-block-paragraph\">\u200d<\/p>\n\n\n\n<h3 class=\"wp-block-heading\"><strong>Avez-vous un exemple d\u2019\u00e9v\u00e9nement tellement m\u00e9diatis\u00e9 qu\u2019il a fait avancer les droits des femmes ? Peut-on observer un sch\u00e9ma r\u00e9current, comme une m\u00e9diatisation accrue des r\u00e9seaux sociaux dans ces cas par exemple ?<\/strong><\/h3>\n\n\n\n<p class=\"wp-block-paragraph\">Le premier qui me vient \u00e0 l\u2019esprit de mani\u00e8re spontan\u00e9e c\u2019est #MeToo. Voil\u00e0 un \u00e9v\u00e9nement de lib\u00e9ration de la parole des femmes victimes de violence sexuelles, n\u00e9e outre-Atlantique et qui eu une ampleur internationale. Tout a commenc\u00e9 en 2007 par une premi\u00e8re campagne lanc\u00e9e par Tarana Burke activiste am\u00e9ricaine qui d\u00e9non\u00e7ait les violences sexuelles dont \u00e9taient victimes les minorit\u00e9s. Puis ont suivi d\u2019autres campagnes de t\u00e9moignage d\u2019agressions sexuelles sur les r\u00e9seaux jusqu\u2019en 2017 avec un engagement fort de la part d\u2019actrices am\u00e9ricaines.<\/p>\n\n\n\n<p class=\"wp-block-paragraph\">Depuis le mouvement a fait le tour du monde avec un prise de conscience r\u00e9elle de la gravit\u00e9 de la situation des femmes dans le monde. En France, le mouvement a fait son \u00e9tendard de l\u2019hashtag #BalanceTonPorc, au S\u00e9n\u00e9gal de l\u2019hashtag #TouchePas\u00c0monCorps, plus tard d\u2019autres hashtags comme #M\u00eamePasPeuront \u00e9t\u00e9 lanc\u00e9s en Afrique. La puissance m\u00e9diatique de ce mouvement est loin d\u2019\u00eatre isol\u00e9e, d\u2019autres ont eu des effets similaires et le m\u00e9rite de mettre en lumi\u00e8re la violence ou les discriminations mais surtout de faire avancer le droit sur le sujet. C\u2019est le cas de la campagne #BlackLivesMatters ent\u00e9rinant le d\u00e9but d\u2019une \u00ab nouvelle la lutte \u00bb pour les droits des afro-am\u00e9ricains et contre les violences polici\u00e8res.<\/p>\n\n\n\n<p class=\"wp-block-paragraph\">\u200d<\/p>\n\n\n\n<h3 class=\"wp-block-heading\"><strong>Dans ce cadre, en quoi la clause de l\u2019Europ\u00e9enne la plus favoris\u00e9e constitue une arme suppl\u00e9mentaire ?<\/strong><\/h3>\n\n\n\n<p class=\"wp-block-paragraph\">La clause de l\u2019Europ\u00e9enne la plus favoris\u00e9e est un outil d\u2019une grande utilit\u00e9 en ce qu\u2019elle permet une forte mobilisation : l\u2019id\u00e9e \u00e9tant de tous nous mobiliser autour des meilleures issues qu\u2019offre le droit en Europe et par cons\u00e9quent d\u2019harmoniser notre droit \u00e0 celui qui est le plus favorable, le plus fort, le plus puissant en termes de protection et des droits des femmes. Elle est une r\u00e9elle opportunit\u00e9 pour agir de mani\u00e8re efficace. Car si globalement en Europe, nous sommes tous d\u2019accord sur les grands principes qui gouvernent nos soci\u00e9t\u00e9s respectives, de r\u00e9els \u00e9carts peuvent exister en mati\u00e8re de droits des femmes alors soyons audacieuses, faisons de la clause de l\u2019Europ\u00e9enne la plus favoris\u00e9e une arme du quotidien pour faire avancer les droits des femmes. Portons une parole forte, soyons aux rendez-vous de nos pairs et parlons d\u2019une m\u00eame voix comme nous avons su le faire chaque fois notre maison commune \u00e9tait en p\u00e9ril. La d\u00e9fense et la protection effective des femmes devraient selon moi faire parties des conditions d\u2019adh\u00e9sion.<\/p>","protected":false},"excerpt":{"rendered":"<p>Directrice en conseil\/communication\/influence chez Agence Solicom, pensez-vous que la communication est un outil assez puissant pour faire avancer les droits des femmes ? La communication est un outil formidable pour sensibiliser, donner davantage de r\u00e9sonnance \u00e0 un message, une cause ou un plaidoyer. Elle me permet en tant que militante en faveur des droits des [&hellip;]<\/p>\n","protected":false},"author":234807144,"featured_media":510,"comment_status":"open","ping_status":"open","sticky":false,"template":"anciennes-publications-non-datees","format":"standard","meta":{"_crdt_document":"","advanced_seo_description":"","jetpack_seo_html_title":"","jetpack_seo_noindex":false,"_jetpack_newsletter_access":"","_jetpack_dont_email_post_to_subs":false,"_jetpack_newsletter_tier_id":0,"_jetpack_memberships_contains_paywalled_content":false,"_jetpack_memberships_contains_paid_content":false,"footnotes":"","jetpack_publicize_message":"","jetpack_publicize_feature_enabled":true,"jetpack_social_post_already_shared":false,"jetpack_social_options":{"image_generator_settings":{"template":"highway","default_image_id":0,"font":"","enabled":false},"version":2},"_wpas_customize_per_network":false,"jetpack_post_was_ever_published":false},"categories":[1767552],"tags":[],"class_list":["post-509","post","type-post","status-publish","format-standard","has-post-thumbnail","hentry","category-paroles-dexperts"],"jetpack_publicize_connections":[],"jetpack_featured_media_url":"https:\/\/i0.wp.com\/europanova.eu\/wp-content\/uploads\/2023\/05\/62b18ee47426cde39d2404e6_equality-p-2600-1.jpeg?fit=2600%2C1733&ssl=1","jetpack_likes_enabled":true,"jetpack_sharing_enabled":true,"jetpack_shortlink":"https:\/\/wp.me\/peMWIh-8d","_links":{"self":[{"href":"https:\/\/europanova.eu\/en\/wp-json\/wp\/v2\/posts\/509","targetHints":{"allow":["GET"]}}],"collection":[{"href":"https:\/\/europanova.eu\/en\/wp-json\/wp\/v2\/posts"}],"about":[{"href":"https:\/\/europanova.eu\/en\/wp-json\/wp\/v2\/types\/post"}],"author":[{"embeddable":true,"href":"https:\/\/europanova.eu\/en\/wp-json\/wp\/v2\/users\/234807144"}],"replies":[{"embeddable":true,"href":"https:\/\/europanova.eu\/en\/wp-json\/wp\/v2\/comments?post=509"}],"version-history":[{"count":1,"href":"https:\/\/europanova.eu\/en\/wp-json\/wp\/v2\/posts\/509\/revisions"}],"predecessor-version":[{"id":511,"href":"https:\/\/europanova.eu\/en\/wp-json\/wp\/v2\/posts\/509\/revisions\/511"}],"wp:featuredmedia":[{"embeddable":true,"href":"https:\/\/europanova.eu\/en\/wp-json\/wp\/v2\/media\/510"}],"wp:attachment":[{"href":"https:\/\/europanova.eu\/en\/wp-json\/wp\/v2\/media?parent=509"}],"wp:term":[{"taxonomy":"category","embeddable":true,"href":"https:\/\/europanova.eu\/en\/wp-json\/wp\/v2\/categories?post=509"},{"taxonomy":"post_tag","embeddable":true,"href":"https:\/\/europanova.eu\/en\/wp-json\/wp\/v2\/tags?post=509"}],"curies":[{"name":"wp","href":"https:\/\/api.w.org\/{rel}","templated":true}]}}