{"id":467,"date":"2023-05-11T09:37:30","date_gmt":"2023-05-11T07:37:30","guid":{"rendered":"https:\/\/europanova.eu\/?p=467"},"modified":"2024-01-24T13:33:17","modified_gmt":"2024-01-24T12:33:17","slug":"fit-for-55-techniquement-mais-aussi-socialement","status":"publish","type":"post","link":"https:\/\/europanova.eu\/en\/2023\/05\/11\/fit-for-55-techniquement-mais-aussi-socialement\/","title":{"rendered":"Fit for 55: technically, but also socially"},"content":{"rendered":"<h3 class=\"wp-block-heading\">Le paquet \u00ab\u00a0Fit for 55\u00a0\u00bb de l&rsquo;UE est une tentative globale de transition vers une soci\u00e9t\u00e9 sans carbone, par \u00e9tapes progressives et mesurables. Il s&rsquo;agit d&rsquo;une \u00e9volution bienvenue en termes de politique. Et s&rsquo;il est pleinement mis en \u0153uvre, il peut \u00eatre transformateur.<\/h3>\n\n\n\n<p class=\"wp-block-paragraph\">Mais qui dit transformation dit perturbation, et qui dit perturbation dit peur. Peur des secteurs qui seront touch\u00e9s, peur de ceux qui ont le plus besoin de changer et peur des citoyens qui s&rsquo;inqui\u00e8tent de l&rsquo;impact que ces changements auront sur leur vie. Pour \u00eatre r\u00e9ussie, une transition doit \u00eatre rapide. L&rsquo;objectif ultime \u00e9tant de parvenir \u00e0 une \u00e9conomie sans carbone, plus t\u00f4t nous commencerons \u00e0 d\u00e9carboniser, mieux ce sera. L&rsquo;urgence de l&rsquo;exigence de changement est le plus grand d\u00e9fi. La rapidit\u00e9 d&rsquo;action signifie qu&rsquo;il n&rsquo;est pas possible de pr\u00e9voir tous les impacts ou effets impr\u00e9vus. Nous devons donc veiller \u00e0 ce que la flexibilit\u00e9 de l&rsquo;approche soit int\u00e9gr\u00e9e dans la mise en \u0153uvre. Nous devons \u00eatre en mesure de r\u00e9pondre de mani\u00e8re efficace et dynamique aux implications r\u00e9elles de Fit for 55.&nbsp;<\/p>\n\n\n\n<p class=\"wp-block-paragraph\">C&rsquo;est tr\u00e8s important car, trop souvent, les personnes ne sont pas plac\u00e9es au centre des politiques climatiques. L&rsquo;accent peut \u00eatre mis sur les changements industriels ou sur l&rsquo;\u00e9conomie, avec la pr\u00e9somption que la protection de l&rsquo;\u00e9conomie assurera automatiquement la prosp\u00e9rit\u00e9 de tous. Dans la pratique, les preuves ne vont pas dans ce sens.<\/p>\n\n\n\n<p class=\"wp-block-paragraph\">Placer les personnes, les communaut\u00e9s et les r\u00e9gions au centre de l&rsquo;initiative \u00ab\u00a0Fit for 55\u00a0\u00bb peut \u00eatre r\u00e9alis\u00e9 dans la phase de mise en \u0153uvre. Dans le cadre de nos travaux au sein du Comit\u00e9 \u00e9conomique et social europ\u00e9en (CESE), nos trois principaux groupes &#8211; employeurs, travailleurs, organisations de la soci\u00e9t\u00e9 civile &#8211; ont tous convenu que la mise en place d&rsquo;une sorte de commission de transition juste dans diff\u00e9rentes r\u00e9gions et diff\u00e9rents \u00c9tats membres pourrait garantir que les craintes sont prises en compte et que des mesures de soutien politique peuvent \u00eatre introduites de mani\u00e8re dynamique afin d&rsquo;accompagner la transformation. &nbsp;<\/p>\n\n\n\n<p class=\"wp-block-paragraph\">Les objectifs de d\u00e9veloppement durable, qui constituent d\u00e9j\u00e0 un engagement commun, soulignent la n\u00e9cessit\u00e9 de \u00ab\u00a0ne laisser personne de c\u00f4t\u00e9\u00a0\u00bb. C&rsquo;est dans ce contexte que j&rsquo;essaie de consid\u00e9rer Fit for 55 comme un outil permettant de parvenir \u00e0 une soci\u00e9t\u00e9 \u00e0 faible \u00e9mission de carbone plut\u00f4t qu&rsquo;\u00e0 une \u00e9conomie \u00e0 faible \u00e9mission de carbone. Sans le large soutien de la soci\u00e9t\u00e9, sans la compr\u00e9hension du fait que la lutte contre le changement climatique est essentielle \u00e0 la survie, et sans l&rsquo;inclusion de tous les groupes dans la r\u00e9colte des b\u00e9n\u00e9fices de l&rsquo;action, nous verrons l&rsquo;ambition sap\u00e9e. Nous devons consid\u00e9rer que nous pr\u00e9parons notre soci\u00e9t\u00e9 \u00e0 la r\u00e9duction des \u00e9missions, et pas seulement nos \u00e9conomies.<\/p>\n\n\n\n<p class=\"wp-block-paragraph\">Il a toujours \u00e9t\u00e9 important d&rsquo;agir rapidement et efficacement. Ne serait-ce que parce que la mise en \u0153uvre de ces changements sera de plus en plus difficile et de plus en plus co\u00fbteuse si nous tardons \u00e0 agir. La r\u00e9trospective est facile, mais nous pouvons tirer des le\u00e7ons du pass\u00e9. Et je suis s\u00fbr que chacun d&rsquo;entre nous aimerait se retrouver en l&rsquo;an 2000 avec un paquet \u00ab\u00a0Fit for 55\u00a0\u00bb. Il aurait \u00e9t\u00e9 tellement plus facile et moins perturbant de proc\u00e9der \u00e0 ces r\u00e9ductions d&rsquo;\u00e9missions progressivement.<\/p>\n\n\n\n<h4 class=\"wp-block-heading\">Aujourd&rsquo;hui, \u00e0 la mi-2022, nous constatons d\u00e9j\u00e0 le retour de l&rsquo;inflation dans toutes les grandes \u00e9conomies et son impact sur le co\u00fbt de tout. Cela doit \u00eatre un moteur pour en faire plus, et pour prot\u00e9ger l&rsquo;ambition \u00e9lev\u00e9e de \u00ab\u00a0Fit for 55\u00a0\u00bb, et ne pas \u00eatre utilis\u00e9 comme une excuse pour retarder ou diluer les objectifs et les d\u00e9lais.<\/h4>\n\n\n\n<p class=\"wp-block-paragraph\">De m\u00eame, nous ne pouvons plus utiliser la comp\u00e9titivit\u00e9 comme excuse \u00e0 l&rsquo;inaction. Oui, il est essentiel de maintenir la comp\u00e9titivit\u00e9 de nos entreprises et de nos entrepreneurs sur les march\u00e9s mondiaux. Mais cela ne peut servir de pr\u00e9texte pour s&rsquo;engager dans une course vers le bas en termes de normes de production ou d&rsquo;\u00e9missions li\u00e9es \u00e0 la production et \u00e0 la transformation. Il faut soutenir fermement les pionniers, qui peuvent \u00eatre amen\u00e9s \u00e0 r\u00e9duire leurs b\u00e9n\u00e9fices ou \u00e0 investir massivement afin d&rsquo;ouvrir la voie en mati\u00e8re de r\u00e9duction des \u00e9missions. Nous voulons encourager l&rsquo;augmentation des choses que nous voulons, et cela devrait \u00eatre le point central de toute subvention publique.&nbsp;<\/p>\n\n\n\n<p class=\"wp-block-paragraph\">En guise de conclusion, toutes les autres politiques majeures devraient \u00eatre test\u00e9es \u00e0 l&rsquo;aune de l&rsquo;objectif \u00ab\u00a0Fit for 55\u00a0\u00bb, en lien avec l&rsquo;\u00e9volution de la soci\u00e9t\u00e9 et des mod\u00e8les commerciaux durables. La production alimentaire est sous les feux de la rampe en ce moment, et la politique agricole commune doit clairement soutenir les politiques qui sont align\u00e9es sur Fit for 55 &#8211; et en outre align\u00e9es sur les buts et objectifs visant \u00e0 lutter contre les crises li\u00e9es au d\u00e9clin de la biodiversit\u00e9 et au changement climatique. La coh\u00e9rence de l&rsquo;approche au niveau politique donnera les bons signaux et montrera le leadership en offrant certitude et coh\u00e9rence.<\/p>","protected":false},"excerpt":{"rendered":"<p>Le paquet \u00ab\u00a0Fit for 55\u00a0\u00bb de l&rsquo;UE est une tentative globale de transition vers une soci\u00e9t\u00e9 sans carbone, par \u00e9tapes progressives et mesurables. Il s&rsquo;agit d&rsquo;une \u00e9volution bienvenue en termes de politique. Et s&rsquo;il est pleinement mis en \u0153uvre, il peut \u00eatre transformateur. Mais qui dit transformation dit perturbation, et qui dit perturbation dit peur. [&hellip;]<\/p>\n","protected":false},"author":234807144,"featured_media":470,"comment_status":"open","ping_status":"open","sticky":false,"template":"anciennes-publications-non-datees","format":"standard","meta":{"_crdt_document":"","advanced_seo_description":"","jetpack_seo_html_title":"","jetpack_seo_noindex":false,"_jetpack_newsletter_access":"","_jetpack_dont_email_post_to_subs":false,"_jetpack_newsletter_tier_id":0,"_jetpack_memberships_contains_paywalled_content":false,"_jetpack_memberships_contains_paid_content":false,"footnotes":"","jetpack_publicize_message":"","jetpack_publicize_feature_enabled":true,"jetpack_social_post_already_shared":false,"jetpack_social_options":{"image_generator_settings":{"template":"highway","default_image_id":0,"font":"","enabled":false},"version":2},"_wpas_customize_per_network":false,"jetpack_post_was_ever_published":false},"categories":[6667731,6270],"tags":[],"class_list":["post-467","post","type-post","status-publish","format-standard","has-post-thumbnail","hentry","category-nos-articles","category-publications"],"jetpack_publicize_connections":[],"jetpack_featured_media_url":"https:\/\/i0.wp.com\/europanova.eu\/wp-content\/uploads\/2023\/05\/630c8c3881ab1054da2d08d6_angela-benito-wggjjgn4_ck-unsplash-p-2600.jpg?fit=2600%2C1950&ssl=1","jetpack_likes_enabled":true,"jetpack_sharing_enabled":true,"jetpack_shortlink":"https:\/\/wp.me\/peMWIh-7x","_links":{"self":[{"href":"https:\/\/europanova.eu\/en\/wp-json\/wp\/v2\/posts\/467","targetHints":{"allow":["GET"]}}],"collection":[{"href":"https:\/\/europanova.eu\/en\/wp-json\/wp\/v2\/posts"}],"about":[{"href":"https:\/\/europanova.eu\/en\/wp-json\/wp\/v2\/types\/post"}],"author":[{"embeddable":true,"href":"https:\/\/europanova.eu\/en\/wp-json\/wp\/v2\/users\/234807144"}],"replies":[{"embeddable":true,"href":"https:\/\/europanova.eu\/en\/wp-json\/wp\/v2\/comments?post=467"}],"version-history":[{"count":2,"href":"https:\/\/europanova.eu\/en\/wp-json\/wp\/v2\/posts\/467\/revisions"}],"predecessor-version":[{"id":469,"href":"https:\/\/europanova.eu\/en\/wp-json\/wp\/v2\/posts\/467\/revisions\/469"}],"wp:featuredmedia":[{"embeddable":true,"href":"https:\/\/europanova.eu\/en\/wp-json\/wp\/v2\/media\/470"}],"wp:attachment":[{"href":"https:\/\/europanova.eu\/en\/wp-json\/wp\/v2\/media?parent=467"}],"wp:term":[{"taxonomy":"category","embeddable":true,"href":"https:\/\/europanova.eu\/en\/wp-json\/wp\/v2\/categories?post=467"},{"taxonomy":"post_tag","embeddable":true,"href":"https:\/\/europanova.eu\/en\/wp-json\/wp\/v2\/tags?post=467"}],"curies":[{"name":"wp","href":"https:\/\/api.w.org\/{rel}","templated":true}]}}