{"id":4502,"date":"2024-09-18T11:13:18","date_gmt":"2024-09-18T09:13:18","guid":{"rendered":"https:\/\/europanova.eu\/?p=4502"},"modified":"2024-09-18T15:27:03","modified_gmt":"2024-09-18T13:27:03","slug":"guillaume-klossa-sur-le-plateau-de-lcp-an-france","status":"publish","type":"post","link":"https:\/\/europanova.eu\/en\/2024\/09\/18\/guillaume-klossa-sur-le-plateau-de-lcp-an-france\/","title":{"rendered":"Guillaume Klossa on the LCP-AN set"},"content":{"rendered":"<p class=\"wp-block-paragraph\"><\/p>\n\n\n\n<p class=\"wp-block-paragraph\">Invited by the parliamentary channel, Guillaume Klossa, president of EuropaNova, highlighted the \"&nbsp;<em>need for a scientific and technological recovery, especially in terms of research<\/em>&nbsp;\" on the European continent. Indeed, in his eyes, \"&nbsp;<em>the issue today for Europeans is competitiveness against China and the USA<\/em>&nbsp;\u201d. Regarding the portfolio of St\u00e9phane S\u00e9journ\u00e9, who was appointed as commissioner for industrial strategy, Klossa said that the French has \u201c&nbsp;<em>a comprehensive portfolio to boost European competitiveness<\/em>&nbsp;\u00bb, ajoutant&nbsp;que l\u2019ancien ministre des Affaires \u00e9trang\u00e8res&nbsp;&nbsp;\u00ab&nbsp;<em>has a topic of the moment, a vital topic for Europeans.<\/em>&nbsp;\u00bb&nbsp;\ud83c\uddea\ud83c\uddfa<\/p>\n\n\n\n<figure class=\"wp-block-embed is-type-video is-provider-youtube wp-block-embed-youtube wp-embed-aspect-16-9 wp-has-aspect-ratio\"><div class=\"wp-block-embed__wrapper\">\n<span class=\"embed-youtube\" style=\"text-align:center; display: block;\"><iframe loading=\"lazy\" class=\"youtube-player\" width=\"640\" height=\"360\" src=\"https:\/\/www.youtube.com\/embed\/P3KT6onUQik?version=3&#038;rel=1&#038;showsearch=0&#038;showinfo=1&#038;iv_load_policy=1&#038;fs=1&#038;hl=en-GB&#038;autohide=2&#038;wmode=transparent\" allowfullscreen=\"true\" style=\"border:0;\" sandbox=\"allow-scripts allow-same-origin allow-popups allow-presentation allow-popups-to-escape-sandbox\"><\/iframe><\/span>\n<\/div><\/figure>\n\n\n\n<figure class=\"wp-block-embed is-type-rich is-provider-spotify wp-block-embed-spotify wp-embed-aspect-21-9 wp-has-aspect-ratio\"><div class=\"wp-block-embed__wrapper\">\n<iframe title=\"Spotify Embed: Nomination de St\u00e9phane S\u00e9journ\u00e9 \u00e0 la Commission europ\u00e9enne : Guillaume Klossa sur LCP-AN\" style=\"border-radius: 12px\" width=\"100%\" height=\"152\" frameborder=\"0\" allowfullscreen allow=\"autoplay; clipboard-write; encrypted-media; fullscreen; picture-in-picture\" loading=\"lazy\" src=\"https:\/\/open.spotify.com\/embed\/episode\/55CxIob8PqJzPXMcuCjRga?utm_source=oembed\"><\/iframe>\n<\/div><\/figure>","protected":false},"excerpt":{"rendered":"<p>Invit\u00e9 par la cha\u00eene parlementaire, Guillaume Klossa, pr\u00e9sident d\u2019EuropaNova, a mis en avant la \u00ab&nbsp;n\u00e9cessit\u00e9 d\u2019une relance scientifique et technologique, et notamment en mati\u00e8re de recherche&nbsp;\u00bb sur le continent europ\u00e9en. En effet, \u00e0 ses yeux, \u00ab&nbsp;l\u2019enjeu aujourd\u2019hui pour les Europ\u00e9ens c\u2019est la comp\u00e9titivit\u00e9 face \u00e0 la Chine et aux USA&nbsp;\u00bb. Au sujet du portefeuille de [&hellip;]<\/p>\n","protected":false},"author":234807144,"featured_media":0,"comment_status":"closed","ping_status":"closed","sticky":false,"template":"","format":"standard","meta":{"_crdt_document":"","advanced_seo_description":"","jetpack_seo_html_title":"","jetpack_seo_noindex":false,"_jetpack_newsletter_access":"","_jetpack_dont_email_post_to_subs":false,"_jetpack_newsletter_tier_id":0,"_jetpack_memberships_contains_paywalled_content":false,"_jetpack_memberships_contains_paid_content":false,"footnotes":"","jetpack_publicize_message":"","jetpack_publicize_feature_enabled":true,"jetpack_social_post_already_shared":true,"jetpack_social_options":{"image_generator_settings":{"template":"highway","default_image_id":0,"font":"","enabled":false},"version":2},"_wpas_customize_per_network":false,"jetpack_post_was_ever_published":false},"categories":[11540073,35913],"tags":[],"class_list":["post-4502","post","type-post","status-publish","format-standard","hentry","category-notre-actualite","category-revue-de-presse"],"jetpack_publicize_connections":[],"jetpack_featured_media_url":"","jetpack_likes_enabled":true,"jetpack_sharing_enabled":true,"jetpack_shortlink":"https:\/\/wp.me\/peMWIh-1aC","_links":{"self":[{"href":"https:\/\/europanova.eu\/en\/wp-json\/wp\/v2\/posts\/4502","targetHints":{"allow":["GET"]}}],"collection":[{"href":"https:\/\/europanova.eu\/en\/wp-json\/wp\/v2\/posts"}],"about":[{"href":"https:\/\/europanova.eu\/en\/wp-json\/wp\/v2\/types\/post"}],"author":[{"embeddable":true,"href":"https:\/\/europanova.eu\/en\/wp-json\/wp\/v2\/users\/234807144"}],"replies":[{"embeddable":true,"href":"https:\/\/europanova.eu\/en\/wp-json\/wp\/v2\/comments?post=4502"}],"version-history":[{"count":5,"href":"https:\/\/europanova.eu\/en\/wp-json\/wp\/v2\/posts\/4502\/revisions"}],"predecessor-version":[{"id":4510,"href":"https:\/\/europanova.eu\/en\/wp-json\/wp\/v2\/posts\/4502\/revisions\/4510"}],"wp:attachment":[{"href":"https:\/\/europanova.eu\/en\/wp-json\/wp\/v2\/media?parent=4502"}],"wp:term":[{"taxonomy":"category","embeddable":true,"href":"https:\/\/europanova.eu\/en\/wp-json\/wp\/v2\/categories?post=4502"},{"taxonomy":"post_tag","embeddable":true,"href":"https:\/\/europanova.eu\/en\/wp-json\/wp\/v2\/tags?post=4502"}],"curies":[{"name":"wp","href":"https:\/\/api.w.org\/{rel}","templated":true}]}}