{"id":192,"date":"2023-05-10T16:56:48","date_gmt":"2023-05-10T14:56:48","guid":{"rendered":"https:\/\/europanova.eu\/?p=192"},"modified":"2024-01-24T13:32:11","modified_gmt":"2024-01-24T12:32:11","slug":"newsletter-du-3-mars-2023","status":"publish","type":"post","link":"https:\/\/europanova.eu\/en\/2023\/05\/10\/newsletter-du-3-mars-2023\/","title":{"rendered":"Newsletter du 3 mars 2023"},"content":{"rendered":"\n<p class=\"wp-block-paragraph\"><strong>Inscrivez-vous sur <a href=\"https:\/\/ebbf9231.sibforms.com\/serve\/MUIEAHsuX4wekgo0QuleyfN7chi-k6vAARhELmRBBlqR3lOu5L4IX8zEZsyty_mn037C-rAjHZ3nzuiVV3MSQu5BkX7p-6nWCgmx7KsIy14a69kacdW_ebBvza7zhQg-48ianp5TN2FubkaqVSTGzTHKRguZ0uB5r0HGFInxXjuzSt2z4VVhm19UPKi3YDgDQ8R5t2qpNN8btYay\">ce lien<\/a><\/strong> pour recevoir gratuitement et directement la newsletter dans votre boite mail !<\/p>\n\n\n\n<p class=\"wp-block-paragraph\"><strong><a href=\"https:\/\/www.helloasso.com\/associations\/fonds-de-dotation-europanova\/adhesions\/club-europanova\">N&rsquo;h\u00e9sitez pas \u00e0 nous soutenir,<\/a> <\/strong>vos dons sont pr\u00e9cieux pour offrir une actualit\u00e9 sp\u00e9cifique et accessible \u00e0 tous.<\/p>\n\n\n\n<p class=\"wp-block-paragraph\">Si vous souhaitez devenir des <strong>partenaires<\/strong> de notre newsletter, vous pouvez contacter Isabelle N\u00e9grier : isabelle.negrier@europanova.eu<\/p>\n\n\n\n<p class=\"wp-block-paragraph\">Comit\u00e9 de r\u00e9daction : Guillaume Klossa, Isabelle N\u00e9grier et Laura De Almeida<\/p>\n\n\n\n<p class=\"wp-block-paragraph\"><strong>Bonne lecture europ\u00e9enne !<\/strong><\/p>\n\n\n\n<figure class=\"wp-block-image size-large\"><img data-recalc-dims=\"1\" loading=\"lazy\" decoding=\"async\" width=\"605\" height=\"132\" data-attachment-id=\"178\" data-permalink=\"https:\/\/europanova.eu\/en\/63ca896561155334786296ce-jpg-2\/\" data-orig-file=\"https:\/\/i0.wp.com\/europanova.eu\/wp-content\/uploads\/2023\/05\/63ca896561155334786296ce.jpg-1.png?fit=605%2C132&amp;ssl=1\" data-orig-size=\"605,132\" data-comments-opened=\"1\" data-image-meta=\"{&quot;aperture&quot;:&quot;0&quot;,&quot;credit&quot;:&quot;&quot;,&quot;camera&quot;:&quot;&quot;,&quot;caption&quot;:&quot;&quot;,&quot;created_timestamp&quot;:&quot;0&quot;,&quot;copyright&quot;:&quot;&quot;,&quot;focal_length&quot;:&quot;0&quot;,&quot;iso&quot;:&quot;0&quot;,&quot;shutter_speed&quot;:&quot;0&quot;,&quot;title&quot;:&quot;&quot;,&quot;orientation&quot;:&quot;0&quot;}\" data-image-title=\"63ca896561155334786296ce.jpg\" data-image-description=\"\" data-image-caption=\"\" data-large-file=\"https:\/\/i0.wp.com\/europanova.eu\/wp-content\/uploads\/2023\/05\/63ca896561155334786296ce.jpg-1.png?fit=605%2C132&amp;ssl=1\" src=\"https:\/\/i0.wp.com\/europanova.eu\/wp-content\/uploads\/2023\/05\/63ca896561155334786296ce.jpg-1.png?resize=605%2C132&#038;ssl=1\" alt=\"\" class=\"wp-image-178\" \/><\/figure>\n\n\n\n<h2 class=\"wp-block-heading\"><strong>D\u00e9mocratie et \u00c9tat de droit<\/strong><\/h2>\n\n\n\n<p class=\"wp-block-paragraph\"><strong>BAKHMOUT : UN REPLI UKRAINIEN EST \u00c0 CRAINDRE<\/strong><\/p>\n\n\n\n<p class=\"wp-block-paragraph\">Dans l\u2019est de l\u2019Ukraine, la ville de Bakhmout est un point strat\u00e9gique pour le contr\u00f4le de la r\u00e9gion du Donbass. Le colonel g\u00e9n\u00e9ral Oleksandr Syrskyi, fait \u00e9tat de la situation \u00ab&nbsp;<em>extr\u00eamement tendue<\/em>&nbsp;\u00bb, \u00ab&nbsp;<em><a href=\"https:\/\/4oywg.r.ag.d.sendibm3.com\/mk\/cl\/f\/sAWdOOBqDJXO3fdoM04y4d0rGGVHhUScxLvCZwTiRZBezNPgNU_VZ0aJ__F2awhFY8qB24PtkoPZYScC7Qecm2xZdGiMFu26MVA2t5G3vJBz1EXpWsi7fkN74LMgEnrED2IN1pNf5BCOfsT30WBAClqoPBRNUfFLsf7BHpnLV8nrc9gT3xAHhOGYaBlTh-0zQtR6eV1MMCn99shXM5EFgRl3d5oGBXoSoMyxy_wYDcLFiLAUBUJsz62BiTmErnT8qUtRdS0W0qpQmIEYKySFUtVbfS2ieCWeCJ1F3J93C_hgGRHN-ggV66k6bnIj49-9bzSBUXDLXmTnkyeDLQWkiR35lRDW3gI\">L\u2019ennemi a envoy\u00e9 \u00e0 l\u2019attaque les unit\u00e9s les mieux pr\u00e9par\u00e9es (du groupe paramilitaire) Wagner qui tentent de percer la d\u00e9fense de nos troupes et d\u2019encercler la ville<\/a>&nbsp;<\/em>\u00bb. Avant le conflit, il y a un an, la ville comptait 70 000 habitants, il en reste aujourd\u2019hui plus que 5 000 dont une centaine d\u2019enfants.<\/p>\n\n\n\n<p class=\"wp-block-paragraph\">Le pr\u00e9sident Zelenksy a admis que les forces ukrainiennes sont en grande difficult\u00e9. En cause, la Russie enverrait un nombre de soldats immense, malgr\u00e9 leur risque quasi-certain de mourir, simplement pour s\u2019emparer de la ville. Bakhmout est davantage symbolique que strat\u00e9gique. Ce qui diff\u00e9rencie ce combat des autres, c&rsquo;est la position des soldats ukrainiens qui n\u2019avancent pas car encercl\u00e9s par les russes qui sont : \u00ab&nbsp;<a href=\"https:\/\/4oywg.r.ag.d.sendibm3.com\/mk\/cl\/f\/jIHZhO0kda_i5ue_GFD7O9YQYjmeTKeU-OhvSLawza-5-90MbgYorjlIDP3J41v6VtFa2yWZXHOx2a7beEe4lfwl0vJiWCXyTz_tv3GpulyYWgPk6owl_Fm_w2ZCd1Xab51X0IOtsam9Vh50W1WiSWLVL2J5KKeT4RkRJY7yAabwaRaohsLBAKQHuK9LXJN1SP1mq9GjxT3r8cxTq25MX6x-TzSJ8R-1sLWNRK3e0GCsDX1vCAfqK75sr1lebscZyaUC-n2tx5QrZGeIm9fOM3bbogz6D5Y0lXWvbIwUsLrjuYnocFt9tFgyvXNdZN0WzhWQnBJO7kHfS9JyplVkLLsYspAflCllvs8hgELTbDswPceJ_LsxdXDgb8YBkEMgjTbNSgB-r0etVwRaBtmu9xvY2kkVZq21n2L-qwT195gAbuhErmA\"><em>pr\u00e9sents depuis tr\u00e8s longtemps avec leur R\u00e9publique s\u00e9paratiste. Ils peuvent se ravitailler en armes, en nourriture, en munitions, et m\u00eame en combattants<\/em><\/a>&nbsp;\u00bb.<\/p>\n\n\n\n<p class=\"wp-block-paragraph\">\u00c0 cela s\u2019ajoute le manque de munitions du c\u00f4t\u00e9 ukrainien qu\u2019il faut alors \u00e9conomiser, un soldat sur place explique : \u00ab&nbsp;<em>On ne les utilise que lorsqu&rsquo;il y a de grands groupes d&rsquo;ennemis ou pour cibler des objets tr\u00e8s importants. C\u2019est seulement l\u00e0 qu\u2019on nous autorise \u00e0 tirer&nbsp;\u00bb<\/em>. Une situation d\u2019autant plus difficile \u00e0 vivre et qui laisse penser que la victoire russe est proche : \u00ab&nbsp;<em>On tente de ralentir l&rsquo;attaque russe, mais ils avancent&#8230; On devra sans doute battre en retraite&nbsp;<\/em>\u00bb.<\/p>\n\n\n\n<p class=\"wp-block-paragraph\"><\/p>\n\n\n\n<p class=\"wp-block-paragraph\"><strong>ORION : LE PLUS GRAND EXERCICE MILITAIRE DE LA FRANCE DEPUIS LA FIN DE LA GUERRE FROIDE<\/strong><\/p>\n\n\n\n<p class=\"wp-block-paragraph\">Du 25 f\u00e9vrier au 11 mars, la France a lanc\u00e9 son exercice \u00ab ORION \u00bb.&nbsp;<a href=\"https:\/\/4oywg.r.ag.d.sendibm3.com\/mk\/cl\/f\/IyDPAexPgyi07aj2ey64wRnqiqp-KG9EIGJEhdyCArhosL2i29gV-eUfiAYhzNnyPduXjKuKJS9gSw9eAdnzUIREX60oXYTB137BKTKyFdjRmHnSM6F2RHF0k_93_37hC06CEWQc3QS-uNQv_MMILN6kcGlI8qpq8aQCnU9qxfBpXNTiimfcGNFQLfewPk30aqJtRiHD4UM7uTcHKmTslOPzfL1CsPkkNlxQITsJMtC7g1C4UmdSw5Sn8mIRHm7EqJtpVEoOTzT-FIKCigi35QiLyivYXREGq2u6qXBz2Oh6xUrONH5_hKFAjqlmfiJpKafz4OJhYkrl6pFVIIVEYHY85kOtl13_9l7LDg3X\">L\u2019arm\u00e9e n\u2019avait pas men\u00e9 d\u2019exercice d\u2019une telle ampleur depuis plus de vingt ans<\/a>&nbsp;et 7 000 militaires sont concern\u00e9s. ORION doit permettre \u00e0 l\u2019arm\u00e9e fran\u00e7aise de se pr\u00e9parer \u00e0 un conflit de haute intensit\u00e9 contre un \u00c9tat ennemi de force \u00e9gale. Les soldats sont entra\u00een\u00e9s \u00e0 toutes les composantes possibles : terre, mer, air, cyber, spatial. Cet exercice a trouv\u00e9 pour sa campagne une s\u00e9rie de partenaires europ\u00e9ens dont l&rsquo;Allemagne, le Royaume-Uni, la Belgique, l&rsquo;Italie et l&rsquo;Espagne, ainsi que les \u00c9tats-Unis.<\/p>\n\n\n\n<p class=\"wp-block-paragraph\">Pour le colonel Yann, officier de marque de la phase 2 de ORION, au commandement pour les op\u00e9rations interarm\u00e9es : \u00ab&nbsp;<em>C&rsquo;est une d\u00e9monstration de notre savoir-faire et de la cr\u00e9dibilit\u00e9 de nos \u00e9tats-majors, il est l\u00e0 pour bien montrer notre excellence, notre capacit\u00e9 \u00e0 organiser sur le territoire national un exercice de grande ampleur et qui refl\u00e8te la r\u00e9alit\u00e9 des op\u00e9rations<\/em>&nbsp;\u00bb. Cet exercice fait officiellement suite \u00e0 : \u00ab&nbsp;<em>la d\u00e9gradation des relations internationales, \u00e0 la conflictualit\u00e9 dans l&rsquo;ensemble des champs et des milieux avec des affrontements physiques et immat\u00e9riels<\/em>&nbsp;\u00bb.<\/p>\n\n\n\n<p class=\"wp-block-paragraph\">Cet exercice met en \u0153uvre une id\u00e9e d\u00e9velopp\u00e9e depuis 2020, mais tout le monde garde en t\u00eate l\u2019image d\u2019une pr\u00e9paration \u00e0 une guerre potentielle contre la Russie. Toutefois, la guerre en Ukraine n&rsquo;a pas eu d\u2019influence sur le programme de l&rsquo;exercice, mais a renforc\u00e9 les premi\u00e8res constations faites par l\u2019\u00c9tat-major entre 2020 et 2021, lors de l\u2019\u00e9laboration de l\u2019exercice. \u00ab&nbsp;<em>Le conflit en Ukraine nous r\u00e9apprend la guerre de haute intensit\u00e9<\/em>&nbsp;\u00bb, souligne le g\u00e9n\u00e9ral Nicolas Le Nen.<\/p>\n\n\n\n<p class=\"wp-block-paragraph\"><\/p>\n\n\n\n<p class=\"wp-block-paragraph\"><strong>LA CHINE : NOUVEL ARBITRE DU CONFLIT UKRAINIEN ?<\/strong><\/p>\n\n\n\n<p class=\"wp-block-paragraph\">Ce 24 f\u00e9vrier, un an jour pour jour apr\u00e8s le d\u00e9but de la guerre en Ukraine, P\u00e9kin a publi\u00e9 un document compos\u00e9 de 12 points pour arriver \u00e0 des pourparlers entre Moscou et Kiev. Ce positionnement de la Chine a fait r\u00e9agir la communaut\u00e9 internationale y voyant une mani\u00e8re pour P\u00e9kin de devenir le nouvel arbitre du conflit. Le document appelle au respect de la souverainet\u00e9 des pays, de mettre fin aux hostilit\u00e9s, ainsi que des clauses concernant les \u00c9tats-Unis et l\u2019Occident. Notamment sur les questions de sanctions unilat\u00e9rales qui repr\u00e9sentent pour P\u00e9kin une mentalit\u00e9 de la guerre froide. \u00ab&nbsp;<a href=\"https:\/\/4oywg.r.ag.d.sendibm3.com\/mk\/cl\/f\/PPXVkupSegL4rRODBV6J9iZs9gGVmQka39KPH8sb5pvlNLGo4IDYF41FxZzz5OslMuOiHkIjHcloHw-xGjTAT-TcUVoJvt8d8R1zs6InSw-aJheKcSWZiOELp6UqLoBB2W_KI5bEvZGsd_SSowaAGm02NGwQzphKnRxdxyp73gy7ZkoU7XrV7iL9zoPQgWosf1WpQvW-v4s4TYKmAGJxZ4ygeAFDsj65ZGImoK-0Ffj1xKCMxDKrasyY_a-ECAsri8_GtnPHLb3z5yPlIP5q9FeT5OdH_abSPRtkx_FaPLBoZF2HiLfhGgr_rFOOWJFvdZlgMHgQjyJhMFzUNt69VTcyvYBJUqFDJA\"><em>Nous sommes du c\u00f4t\u00e9 de la paix et du dialogue. C&rsquo;est le bon c\u00f4t\u00e9 de l&rsquo;histoire. La Chine souhaite partir de ce document et travailler avec le reste du monde pour contribuer au r\u00e8glement politique de la crise<\/em><\/a>&nbsp;\u00bb, a d\u00e9clar\u00e9 Wang Wenbin, porte-parole du minist\u00e8re chinois des Affaires \u00e9trang\u00e8res.<\/p>\n\n\n\n<p class=\"wp-block-paragraph\">Toutefois, cette position d\u2019arbitre est loin de faire l\u2019unanimit\u00e9, pour le chef de l\u2019OTAN, Jens Stoltenberg : \u00ab&nbsp;<em>La Chine n&rsquo;a pas beaucoup de cr\u00e9dibilit\u00e9 parce qu&rsquo;elle n&rsquo;a pas \u00e9t\u00e9 en mesure de condamner l&rsquo;invasion ill\u00e9gale de l&rsquo;Ukraine. Elle a aussi sign\u00e9, quelques jours avant l&rsquo;invasion, un partenariat illimit\u00e9 avec la Russie<\/em>&nbsp;\u00bb. De plus, la position de la Chine en tant qu\u2019alli\u00e9e de la Russie l\u2019\u00e9limine d\u2019office pour l\u2019Occident.<\/p>\n\n\n\n<p class=\"wp-block-paragraph\">Du c\u00f4t\u00e9 russe, le document chinois m\u00e9rite d\u2019\u00eatre \u00e9tudi\u00e9, mais Moscou insiste pour que P\u00e9kin reconnaisse l\u2019annexion russe de quatre r\u00e9gions ukrainiennes. Le porte-parole du Kremlin, Dmitri Peskov indique : \u00ab\u00a0<em>Tout effort qui contribue \u00e0 amener ce conflit sur une voie pacifique m\u00e9rite l&rsquo;attention. Nous consid\u00e9rons le plan de nos amis chinois avec une grande attention<\/em>\u00a0\u00bb mais \u00ab\u00a0<em>c&rsquo;est un long processus.\u00a0<a href=\"https:\/\/4oywg.r.ag.d.sendibm3.com\/mk\/cl\/f\/leCIHUG0o9ZUAHVMCDs175egPaB3KfHGGIXjPMAoh_pSkrZQtyAbyhl9KoPxJ7YhFZAAe2U_gCD-SI5GiRBChE-mSA_qk1NtB1QtUQHlHlZ8iXqHOeco81FAr9Gk9tY2FYa9I5bi_yWhiKQXE8qFnaoJBaONtUiBOwHwAFymccIbKBPVSxYRfiqVnaJcSJDr2QoDlU3fZ3ny3b8d31RVhgUqS4whuPkcvlSGQzYGaTyBnNp43u6NEdWqhG0LnZepmqmoSEvzh9Qodrp-sgITDwzJ0IHyarO3pSqouJdxTVo3_14ijJ1VVHI4idQLB20PnDsYDxDnzHNc4xJ-qRk41cE\">Pour l&rsquo;instant, nous ne voyons pas les pr\u00e9misses pour que cette affaire puisse emprunter une voie pacifique<\/a><\/em>\u00a0\u00bb. De son c\u00f4t\u00e9, le pr\u00e9sident Zelensky pense qu\u2019il est \u00ab\u00a0<em>n\u00e9cessaire de travailler<\/em>\u00a0\u00bb avec la Chine et pr\u00e9voit une rencontre avec le pr\u00e9sident Xi Jinping.<\/p>\n\n\n\n<p class=\"wp-block-paragraph\"><\/p>\n\n\n\n<figure class=\"wp-block-image size-large\"><img data-recalc-dims=\"1\" loading=\"lazy\" decoding=\"async\" width=\"960\" height=\"210\" data-attachment-id=\"179\" data-permalink=\"https:\/\/europanova.eu\/en\/63ca8952044b097f6e5b1f4d-jpg-2\/\" data-orig-file=\"https:\/\/i0.wp.com\/europanova.eu\/wp-content\/uploads\/2023\/05\/63ca8952044b097f6e5b1f4d.jpg-1.png?fit=960%2C210&amp;ssl=1\" data-orig-size=\"960,210\" data-comments-opened=\"1\" data-image-meta=\"{&quot;aperture&quot;:&quot;0&quot;,&quot;credit&quot;:&quot;&quot;,&quot;camera&quot;:&quot;&quot;,&quot;caption&quot;:&quot;&quot;,&quot;created_timestamp&quot;:&quot;0&quot;,&quot;copyright&quot;:&quot;&quot;,&quot;focal_length&quot;:&quot;0&quot;,&quot;iso&quot;:&quot;0&quot;,&quot;shutter_speed&quot;:&quot;0&quot;,&quot;title&quot;:&quot;&quot;,&quot;orientation&quot;:&quot;0&quot;}\" data-image-title=\"63ca8952044b097f6e5b1f4d.jpg\" data-image-description=\"\" data-image-caption=\"\" data-large-file=\"https:\/\/i0.wp.com\/europanova.eu\/wp-content\/uploads\/2023\/05\/63ca8952044b097f6e5b1f4d.jpg-1.png?fit=960%2C210&amp;ssl=1\" src=\"https:\/\/i0.wp.com\/europanova.eu\/wp-content\/uploads\/2023\/05\/63ca8952044b097f6e5b1f4d.jpg-1.png?resize=960%2C210&#038;ssl=1\" alt=\"\" class=\"wp-image-179\" \/><\/figure>\n\n\n\n<h2 class=\"wp-block-heading\"><strong>Europe G\u00e9opolitique et \u00c9conomique <\/strong><\/h2>\n\n\n\n<p class=\"wp-block-paragraph\"><strong>NAUFRAGE D\u2019UN BATEAU DE MIGRANTS EN ITALIE : CRISTALLISATION DES DISCORDANCES SUR LA QUESTION MIGRATOIRE<\/strong><\/p>\n\n\n\n<p class=\"wp-block-paragraph\">Ce lundi 27 f\u00e9vrier, un nouveau drame a eu lieu aux portes de l\u2019Italie. Un bateau ayant \u00e0 son bord entre 150 et 180 migrants a fait naufrage \u00e0 150 m\u00e8tres des c\u00f4tes de Crotone, au moins 60 morts sont \u00e0 d\u00e9plorer. Cette \u00eele, situ\u00e9e \u00e0 environ cent kilom\u00e8tres des c\u00f4tes tunisiennes est en train de devenir la nouvelle Lampedusa. La r\u00e9gion de Calabre symbolise, pour tous les migrants arrivant d\u2019Afrique du Nord, une porte d\u2019entr\u00e9e privil\u00e9gi\u00e9e vers l\u2019Europe.<\/p>\n\n\n\n<p class=\"wp-block-paragraph\">Le journal italien La Stampa, veut mettre la lumi\u00e8re sur la situation critique des migrants, et particuli\u00e8rement dans ce cas, des enfants \u00ab&nbsp;<a href=\"https:\/\/4oywg.r.ag.d.sendibm3.com\/mk\/cl\/f\/lY-8FJ5T243_3XvYvqrdy-ZL0aj8wFtCFBepzQbAPahzsIBTba8SHojtshylJRHplU2Vn5SbqfeyoDOzY-VWukkMwenkdnMqUvLOq8UsxcUVAWO7pT7TJzBWeL5LV3PNg1yQtlC0qgYCNzpnRBsFprktEgkOAbLpwH60EXfcVaMKViulaYryygu4hOeUJetn_uMP72sTDgk0lwkg5ZV4RLkxhrwmw23Ij_PpD_2JSMM1VIG1KANpomTKGCB-Nh1aQUazXUsFc5FrFVbpmaHlGeVpvuro3T6b-o-nhwov74aW40OIM8PPHyVA3AthhBspG0q9rw-jc4zHA19uyIYulZiRCsZV9vWvXOGAR1UQLqs843YnafZ1woy8sWicAnJzz6e4uK-UPjAqiQ\"><em>morts en tentant de survivre aux fronti\u00e8res d\u2019une Europe trop cynique<\/em><\/a>&nbsp;\u00bb. Malgr\u00e9 une \u00e9motion vive dans le pays et principalement dans la r\u00e9gion touch\u00e9e qui a observ\u00e9 le 28 f\u00e9vrier un jour de deuil, \u00e0 Rome l\u2019indiff\u00e9rence persiste. Le ministre de l\u2019int\u00e9rieur, Matteo Piantedosi, met en avant la responsabilit\u00e9 des migrants dans leur propre mise en danger et surtout des parents : \u00ab&nbsp;<a href=\"https:\/\/4oywg.r.ag.d.sendibm3.com\/mk\/cl\/f\/HXemprEAs2gXx6x5tgOv81_-r4PCyEyDeFs7G_1gR1LyFWeL-SGGkWDxZq1J006qi4UdP0-0kLeiz9zpoJ3Ha33pJo_D2hIrq09Eb6Q8nppt3qFB3bEryVTdZYgOp6KJ6DfZXgj2HitC7sITCi7gNXYUt786sIZ-dSJpXR4j2kNdHALMUljHYOGOTLCaIrcCMRz_7ywAIBqZTM_Eoss-iT3kS-GJu5Q9XBv4X-FsT8qEOlIoOyQncmTKOAQpAQuXiAg4QcKJd5EiS6RTzWn0HxFb8B0UKarckr3RPCUu2C2-J4oWnAjjkTB6bZKYbQfAiocgA97X9lIlsAnA8fmjiVkNrl-pejgbWb3uapqlQvGREjMIwq82RHndM795gFrt0S-zBwl2gdt1ddZyJClRiPuGHwhnmtMb6xA7RSc5CQTNF5u-vskvBm4YkgQ\"><em>le d\u00e9sespoir ne doit jamais justifier les conditions de voyage qui mettent en danger la vie de ses propres enfants<\/em><\/a>&nbsp;\u00bb. L\u2019opposition n\u2019a pas tard\u00e9 \u00e0 se faire entendre, jugeant le gouvernement de Giorgia Meloni d\u2019une \u00ab&nbsp;<em>rare inhumanit\u00e9<\/em>&nbsp;\u00bb face \u00e0 cette trag\u00e9die. Plus choquant encore pour le groupe d\u00e9mocrate, la majorit\u00e9 au pouvoir parle de la question migratoire comme d\u2019une \u00ab&nbsp;<em>mini-croisi\u00e8re, de migrants qui viennent en vacances, qui cherchent \u00e0 se faire un petit voyage en mer comme \u00e7a, comme s&rsquo;il s&rsquo;agissait d&rsquo;un voyage pour s&rsquo;amuser<\/em>&nbsp;\u00bb.<\/p>\n\n\n\n<p class=\"wp-block-paragraph\">De son c\u00f4t\u00e9, Ursula von der Leyen est \u00ab&nbsp;<em>profond\u00e9ment attrist\u00e9e<\/em>&nbsp;\u00bb par ce naufrage. Cependant, l\u2019Union europ\u00e9enne poursuit sont renforcement des fronti\u00e8res, surtout en Gr\u00e8ce. En effet, \u00e0 la suite du s\u00e9isme en Turquie, la peur de voir arriver des milliers de r\u00e9fugi\u00e9s acc\u00e9l\u00e8re les craintes des pays ayant des c\u00f4tes proches de celle-ci. La question migratoire est bien loin d\u2019\u00eatre r\u00e9gl\u00e9e, notamment si les aides humanitaires ne r\u00e9pondent pas suffisamment aux besoins des pays sinistr\u00e9s par les conflits et les catastrophes naturelles.<\/p>\n\n\n\n<p class=\"wp-block-paragraph\"><\/p>\n\n\n\n<p class=\"wp-block-paragraph\"><strong>BREXIT : NOUVEL ACCORD ENTRE L\u2019UE ET LE ROYAUME-UNI SUR LE STATUT IRLANDAIS<\/strong><\/p>\n\n\n\n<p class=\"wp-block-paragraph\">Bruxelles et Londres sont parvenus \u00e0 un compromis, ce lundi 27 f\u00e9vrier,&nbsp;amendant le protocole nord-irlandais, mis en place dans le cadre du Brexit, en 2020. Celui-ci pr\u00e9voyait un contr\u00f4le des marchandises entre l\u2019Irlande et le Royaume-Uni \u00e0 leur arriv\u00e9e en Irlande du Nord, afin d\u2019\u00e9viter le retour d\u2019une fronti\u00e8re terrestre entre les deux Irlande. Ce nouvel accord a pour objectif principal de \u00ab&nbsp;<a href=\"https:\/\/4oywg.r.ag.d.sendibm3.com\/mk\/cl\/f\/z65_hBhBg5yW_Vvwk9jocLWhP7Z8GhR9aejQlmjhfxjc39REEN3Z6aVvB3A2KkQVL1_gNnbfJbVi4SGk8oAs0bl49bhLMgM2ReAGTBRx-VzRu7r3mZKLgtK2JJ9WzMu7HmyOwkRGdyZKCCELFQbrHDVWnJTwxMlwl6INbZRmo1XSjaagyfhzXFAFaJHLzbZbQ8gzDOsP7Ik0nsaN64X9trd1JM2kbAh4imPUo7KpkTjp2chTc5s9W9S_2U4u8qX-galFxQaeIEPUUYnVuztfIK29IjKGJNNU1p8YMwUYxamYXMD2\"><em>r\u00e9duire la bureaucratie et les dysfonctionnements entre la Grande-Bretagne et l\u2019Irlande du Nord apr\u00e8s le Brexit<\/em>&nbsp;<\/a>\u00bb.<\/p>\n\n\n\n<p class=\"wp-block-paragraph\">Plus en d\u00e9tails, le cadre de Windsor a mis en place deux voies, une verte, pour les marchandises \u00e9chang\u00e9es entre le Royaume-Uni et l\u2019Irlande du Nord, n\u00e9cessitant moins de paperasse puisqu\u2019en dehors de l\u2019Union.&nbsp;<a href=\"https:\/\/4oywg.r.ag.d.sendibm3.com\/mk\/cl\/f\/8mfLxaMFLJm231iecSnA_Pdvi-O9yS69Sz0h8BppmiEhZ0MsDL1Cq7TCXKSc3qZFfrs9oYZ3gosjppjLBW0eovPZme_uTDHSZEN5SIdq3ZY-XVAku_d2W_Xr4wrzfDFLDHmzw0bnC-35QE7Qpbr1Y_Zxo64IoryEc1mF_D8MzucIPZO-_5em_SC6x0HmQtG92etokb4v5Eoc8yK6kuoIOej-409xZgM3VDgCMR03ebMGNfi91LqR6jti30uaxbvYWKAD1ZbM6qaqmPYFRqfqTDEkmJFZtH4MRzrLp1Q8ORQzx7sRUiFqCT-psMIl4eQDEXW8lgI\">Une autre voie, la rouge, pour les \u00e9changes entre l\u2019UE et la R\u00e9publique d\u2019Irlande qui auront des contr\u00f4les douaniers<\/a>&nbsp;dans les ports d\u2019Irlande du Nord.<\/p>\n\n\n\n<p class=\"wp-block-paragraph\">Le \u00ab&nbsp;<em>Stormont break<\/em>&nbsp;\u00bb est le point incontournable de l\u2019accord. Ce m\u00e9canisme d\u2019urgence est un frein du Royaume-Uni. En somme, il sera possible pour le pays de poser son veto \u00e0 une l\u00e9gislation europ\u00e9enne qui s\u2019appliquerait au commerce d\u2019Irlande du Nord. Le Stormont break s\u2019appuie sur un syst\u00e8me d\u00e9j\u00e0 mis en place \u201c<em>qui permet \u00e0 un groupe d\u2019au moins 30 membres de l\u2019assembl\u00e9e l\u00e9gislative [nord-irlandaise] de bloquer de nouvelles lois \u00e0 moins qu\u2019elles ne b\u00e9n\u00e9ficient d\u2019un consentement intercommunautaire<\/em>\u201d. Au final,&nbsp;<a href=\"https:\/\/4oywg.r.ag.d.sendibm3.com\/mk\/cl\/f\/VNd0xVmre3hdYySW1YOcbU_USHesSpjRRiOFGUV9e-vEvr7DM2fsKRzYEWa2rFEtvvXH-cOVR4_Jk4TMXXtn3Fq5i8iDTTCZRN5uatHO_uE4b2DVEStf-iaBDJ8jI9MJwMtIDNjp26Vdokhvy-1m_uLG3kiC3zht-Z8lCx6X2xiSci6hcGEI8G_DSbgQG-WsIkf_NYW2eifh0AtWHq2Yvf1BdM9DCCyP77Vf1l0xKvwaBrqxLmvP72RoCzv0MVvwuV151MpKfbcGZ7INV0CQz2I87-ZTCDD1zhwZVTrvXppM4d9kp_wa7LhBDougVeFGJcwDrcrfn66bcUcchMeE4PNGevfppioHfZxVXHY5vD8\">moins de 3% des lois europ\u00e9ennes sont encore en vigueur en Irlande du Nord<\/a>.<\/p>\n\n\n\n<p class=\"wp-block-paragraph\"><\/p>\n\n\n\n<p class=\"wp-block-paragraph\"><strong>LE G20 FINANCES : \u00c9CHEC D\u2019UN ACCORD SUR L\u2019UKRAINE<\/strong><\/p>\n\n\n\n<p class=\"wp-block-paragraph\">Les ministres des finances du G20 se sont r\u00e9unis les 24 et 25 f\u00e9vrier en Inde. Leur objectif, trouver des solutions communes aux d\u00e9fis \u00e9conomiques que rencontrent leurs pays, dans un contexte de crise inflationniste et de conflit. Toutefois, la discussion a rapidement tourn\u00e9 \u00e0 la question de l\u2019Ukraine. \u00c0 la veille de la r\u00e9union, la France, l\u2019Allemagne et le Royaume-Uni ont appuy\u00e9 leur volont\u00e9 d\u2019une d\u00e9claration mentionnant explicitement l\u2019Ukraine. Pour Bruno le Maire, il fallait suivre la lign\u00e9e de la d\u00e9claration de Bali, en novembre 2022 o\u00f9 \u00ab&nbsp;<a href=\"https:\/\/4oywg.r.ag.d.sendibm3.com\/mk\/cl\/f\/D9eWjkUNigBLSm0qM2Xt0R_mCgrkrYi0L5TLf9F8nIgTIhPFimgtXIAuDvFCMYXvxZXyxQ26zUdfGwSqrKmLw1pC9zFpBvjQqwxPJ2X6_DKslCw_fqtIPTG39hxeXY7oro_7w7CT8leCiMZEICaC_ETVwGc-FQX6cMpDECzC04tV5A5eqWwxQ0vulkvTP7Ge7IwXTsDbTdRH8TRzcVOiYMMRfrG9r3rgAmu4OTPRQvZy_NpwC5aEA42xv6jcoIVXNPPHSpvvuXUeLRBB2Ap55A0dtAlfAfm5EWrgYjs0X8YCzdnmKOVU-2dVc61Uay_Zd_3eokW2gQQNpY3MWhQrKg8ZdzDwe4wEOcWy-1OChkPuw42cLGBi1KZ7SvQpvYFMyYXo4cfT\"><em>la plupart des \u00c9tats du G20 ont condamn\u00e9 fermement la guerre en Ukraine. Nous nous opposerons \u00e0 tout recul<\/em><\/a>&nbsp;\u00bb. Le chancelier Scholz a aussi rappel\u00e9 au G20 de ne pas rel\u00e2cher la pression sur la Russie.<\/p>\n\n\n\n<p class=\"wp-block-paragraph\">L\u2019Inde, \u00e0 la pr\u00e9sidence de ce G20, a publi\u00e9 un r\u00e9sum\u00e9 des deux jours deux r\u00e9unions. Le document indique que \u00ab&nbsp;<a href=\"https:\/\/4oywg.r.ag.d.sendibm3.com\/mk\/cl\/f\/zzk7TUM3PZy89ikQLQ1xPot5hoOgALkY5gZpEqyi8DEyS1JgbWIQRhd0mJ63wP2Gj48uRafFau2UDs9ISHIWMrov4CZCl5zH7U_fyh67a_iUQtvt0UFAqi91Ys5IUpkmvfxdCn1Nk3X5zC68O7qqhyie7wY8PFnp1sNUO9tjWn5HtswPIsGe4FZh_8ySyVCPGB54fXS0RxWlcYrSHF3fWtowH9pWGiJyEQ4PR4a6R2QY0JhJVn2wfG5WxusHis9XmpcMK5rqOo9Ls1RJAdPMfWYbJgqwiRwzEpOEsWNPeZCGbta5KTu9Em04wzhqSkCf7PlcPPaog1IGu1wck0Q6TrYk0ydhWA\"><em>la plupart des membres ont fermement condamn\u00e9 la guerre en Ukraine avec diff\u00e9rentes \u00e9valuations de la situation et des sanctions<\/em><\/a>&nbsp;\u00bb. Les deux paragraphes mentionnant l\u2019Ukraine n\u2019ont pas \u00e9t\u00e9 approuv\u00e9s par les ministres chinois et russe, soulignant que leur r\u00f4le ici \u00e9tait de \u00ab&nbsp;<em>traiter des questions \u00e9conomiques et financi\u00e8res&nbsp;<\/em>\u00bb.<\/p>\n\n\n\n<p class=\"wp-block-paragraph\">Suite \u00e0 cela, le ministre des Affaires \u00e9trang\u00e8res russe s\u2019en est pris aux occidentaux, qui selon lui, ont \u00ab\u00a0<em>d\u00e9stabilis\u00e9<\/em>\u00a0\u00bb cette rencontre. Les mots de Moscou sont forts, accusant les \u00c9tats-Unis et l\u2019Union europ\u00e9enne de vouloir imposer un \u00ab\u00a0<em>diktat<\/em>\u00a0\u00bb \u00e0 travers ce communiqu\u00e9 commun sur l\u2019Ukraine. Pour les autorit\u00e9s russes, \u00ab\u00a0<em>le G20 doit rester un forum \u00e9conomique plut\u00f4t que d\u2019empi\u00e9ter sur la sph\u00e8re de la s\u00e9curit\u00e9<\/em>\u00a0\u00bb.<\/p>\n\n\n\n<p class=\"wp-block-paragraph\"><\/p>\n\n\n\n<figure class=\"wp-block-image size-large\"><img data-recalc-dims=\"1\" loading=\"lazy\" decoding=\"async\" width=\"1020\" height=\"198\" data-attachment-id=\"181\" data-permalink=\"https:\/\/europanova.eu\/en\/5ff6fbca2cc5213ff576bba6-jpg-2\/\" data-orig-file=\"https:\/\/i0.wp.com\/europanova.eu\/wp-content\/uploads\/2023\/05\/5ff6fbca2cc5213ff576bba6.jpg-1.png?fit=1020%2C198&amp;ssl=1\" data-orig-size=\"1020,198\" data-comments-opened=\"1\" data-image-meta=\"{&quot;aperture&quot;:&quot;0&quot;,&quot;credit&quot;:&quot;&quot;,&quot;camera&quot;:&quot;&quot;,&quot;caption&quot;:&quot;&quot;,&quot;created_timestamp&quot;:&quot;0&quot;,&quot;copyright&quot;:&quot;&quot;,&quot;focal_length&quot;:&quot;0&quot;,&quot;iso&quot;:&quot;0&quot;,&quot;shutter_speed&quot;:&quot;0&quot;,&quot;title&quot;:&quot;&quot;,&quot;orientation&quot;:&quot;0&quot;}\" data-image-title=\"5ff6fbca2cc5213ff576bba6.jpg\" data-image-description=\"\" data-image-caption=\"\" data-large-file=\"https:\/\/i0.wp.com\/europanova.eu\/wp-content\/uploads\/2023\/05\/5ff6fbca2cc5213ff576bba6.jpg-1.png?fit=1020%2C198&amp;ssl=1\" src=\"https:\/\/i0.wp.com\/europanova.eu\/wp-content\/uploads\/2023\/05\/5ff6fbca2cc5213ff576bba6.jpg-1.png?resize=1020%2C198&#038;ssl=1\" alt=\"\" class=\"wp-image-181\" \/><\/figure>\n\n\n\n<h2 class=\"wp-block-heading\"><strong>Green Deal<\/strong><\/h2>\n\n\n\n<p class=\"wp-block-paragraph\"><strong>LA CONTAMINATION DU SI\u00c8CLE : 17 000 SITES EUROP\u00c9ENS TOUCH\u00c9S&nbsp;<\/strong><\/p>\n\n\n\n<p class=\"wp-block-paragraph\">Une contamination gigantesque aux polluants quasi-indestructibles, c\u2019est ce que vient de r\u00e9v\u00e9ler l\u2019enqu\u00eate \u00ab&nbsp;<em>Forever Pollution Project<\/em>&nbsp;\u00bb. Les PFAS, ou substances per- et polyfluoroalkyl\u00e9es, sont pr\u00e9sentes dans un nombre important d\u2019objets : allant des po\u00eales aux implants m\u00e9dicaux, tapis, proth\u00e8ses, peinture, batteries et autres. Ils sont donc utilis\u00e9s en grande majorit\u00e9 dans l\u2019industrie, ce sont des compos\u00e9s de synth\u00e8ses invent\u00e9s dans les ann\u00e9es 1940 afin de r\u00e9sister \u00e0 l\u2019eau et \u00e0 la chaleur. Les PFAS sont indestructibles dans la nature et peuvent se d\u00e9placer sur une distance tr\u00e8s longue.<\/p>\n\n\n\n<p class=\"wp-block-paragraph\">Lors de cette enqu\u00eate, des \u00ab&nbsp;<a href=\"https:\/\/4oywg.r.ag.d.sendibm3.com\/mk\/cl\/f\/cmwwDt4UzlkZ5XWuhILyfN3nOh5jpvqxbX2ZCKeBtXgRRBREWUkmrWqYZbvdfd9OFKYyXCPDBHTaNx73xFOr9dzneRBowUVSrtIa8q9LnsL4wQAj0kqFOFAk-7uKSxuKU9JK9SQLOqeNkrffvr41VmdmsuOFfGuRQWpqN6tQywycjCyTaHri_x9VCqVTu9unvHs42FCw7gwmEr2-T0Kf0OYw8ZlgDLxpDmSm3t8jXdlzytG_ZcHXoK7_-_rduSr06p4twjdORj83wYVAJ2_aUnIodHmyk29mGWTzi-l4w6xgeiLGq50uNlAatRxwZED0T_1ztgbmaAWLrlnRvb-FdBNRxYD23kc7NwrRTf2b0bz6c99aG-_5f1F8k-hSors4ozGCwk4_GpSTms4dkKb4wvd5OOi07REI\"><em>milliers de pr\u00e9l\u00e8vements environnementaux<\/em><\/a>&nbsp;\u00bb ont \u00e9t\u00e9 r\u00e9alis\u00e9s afin de construire une cartographie europ\u00e9enne des sites contamin\u00e9s ou susceptibles de l\u2019\u00eatre. \u00ab&nbsp;<em><a href=\"https:\/\/4oywg.r.ag.d.sendibm3.com\/mk\/cl\/f\/clifJHLlcLUDUt84E2ze4fXhv8uLQvXIaWfc6UbUJciRgE1mgGK6lG4a6Pbt5U3z4C9P4Z8c80uHi5-IAWYASPU-TKS6t1ND_hjKTnLW2IkftwwExyuE9884Gawh6UWNyQC6EFzS83rn5ahaonppjvbtDzhwxSkv1EXOFJi7nxQVotAsn2gZgzPnSzAYzYbaSCDBm_0K2RmWXtw_gOKYXqB2dY_RHgz4Np-rOO-IURjkw7p9B2CNM9_bvz7HrpBgUBaWhzeUV3lKb52ZkWLr9OyevlX4GaOm27q-jlScy1tfz16JNTuUqZd8sKrN46lLDtnkt2MlBN3oentsTmqJF8IAUYywyXnnK1PWYeOTK9QiUzDEne10cW0LcmbwMBD3x8zg0ui-eAr1h_g1LWZSrkbAft2PivevEf7QeAaFh2WOlLQwqZwsvrslcLm01ThMvNi45yWNKNFbu8cKXd4Ky3g\">D&rsquo;apr\u00e8s notre estimation prudente, l&rsquo;Europe compte plus de 17 000 sites contamin\u00e9s \u00e0 des niveaux qui requi\u00e8rent l&rsquo;attention des pouvoirs publics&nbsp;<\/a>(au-del\u00e0 de 10 nanogrammes par litre). La contamination y atteint des niveaux jug\u00e9s dangereux pour la sant\u00e9 par les experts que nous avons interrog\u00e9s (plus de 100 nanogrammes par litre) dans plus de 2 100 hotspots<\/em>&nbsp;\u00bb. Les usines utilisant les PFAS sont situ\u00e9es en majorit\u00e9 en Allemagne, o\u00f9 il y a eu un important d\u00e9veloppement de la chimie industrielle, ainsi qu\u2019en France, o\u00f9 plus de 200 usines sont concern\u00e9es.<\/p>\n\n\n\n<p class=\"wp-block-paragraph\">Un projet ayant pour objectif de supprimer l\u2019utilisation de ces composants a \u00e9t\u00e9 d\u00e9pos\u00e9 aupr\u00e8s de l\u2019Agence europ\u00e9enne des produits chimiques. Il est appuy\u00e9 notamment par l\u2019Allemagne, le Danemark, les Pays-Bas, la Su\u00e8de et la Norv\u00e8ge. La France \u00e0 elle pr\u00e9sent\u00e9 son \u00ab&nbsp;<em>plan d\u2019action<\/em>&nbsp;\u00bb au niveau national. En Belgique, la situation est la plus critique, plus de 70 000 personnes vivant \u00e0 15 kilom\u00e8tres d\u2019une usine 3M (am\u00e9ricaine) ont re\u00e7u des informations pour proc\u00e9der \u00e0 un test sanguin, pour d\u00e9tecter la pr\u00e9sence de PFAS. Le site devra \u00eatre assaini par la soci\u00e9t\u00e9 : \u00ab&nbsp;<a href=\"https:\/\/4oywg.r.ag.d.sendibm3.com\/mk\/cl\/f\/V6lXoYEOj0QmWpjxxF1zHkYuEvj-mODj_vlcMOkBSjJ4w61HhT4TJStLGMSSl_FZ4AByrYWAhGYZ_KF_ob3Deda6ikZvUKaSJ0b6Sou9IJNxLYq4ElAlH3lcFNVnRkz9W1yt1MqKLzm3b78qJkpkEOMLyq__uG62MzdjsiIFNU_UZ1LuJhG-0TEaQm-S5maCduSK15ZCkehrmC6u12Wtv5Y3liYp4rH7rbxxClB_88h4K_cY15VJjXdDoK-_0-OGtcawLvOrVLykxwJAmgSZwJVD5OlnndFkyWtV_ZYB9V84h1IEYA1qkmgg3G8csh4GiUa3DnCf603PBt-g4-faToiRvR4h9Uduk8_dRH5kHxsaqAIIMPYdOpLJHuTi\"><em>pour un investissement de 571 millions d&rsquo;euros. Elle a \u00e9galement annonc\u00e9 son intention d&rsquo;abandonner la fabrication de PFAS et de s&rsquo;efforcer de mettre fin \u00e0 l&rsquo;utilisation de PFAS dans l&rsquo;ensemble de son portefeuille de produits d&rsquo;ici \u00e0 la fin de 2025<\/em><\/a>&nbsp;\u00bb<\/p>\n\n\n\n<p class=\"wp-block-paragraph\"><\/p>\n\n\n\n<p class=\"wp-block-paragraph\"><strong>\u00ab ALLIANCE DU NUCL\u00c9AIRE \u00bb : UNE DIVISION DE PLUS SUR LA QUESTION \u00c9NERG\u00c9TIQUE EUROP\u00c9ENNE ?<\/strong><\/p>\n\n\n\n<p class=\"wp-block-paragraph\">Mardi 28 f\u00e9vrier a eu lieu une r\u00e9union informelle des ministres de l\u2019\u00c9nergie. Lors de celle-ci, 11 \u00c9tats membres ont lanc\u00e9 l\u2019initiative pour une \u00ab&nbsp;<em>alliance du nucl\u00e9aire&nbsp;<\/em>\u00bb. La France est aux commandes de ce projet pour promouvoir l\u2019atome en tant que source basse en carbone pour la production d\u2019hydrog\u00e8ne. L\u2019alliance regroupe la Bulgarie, la Croatie, la R\u00e9publique tech\u00e8que, la Hongrie, la Finlande, les Pays-Bas, la Pologne, la Roumanie, la Slovaquie et la Slov\u00e9nie. \u00ab<a href=\"https:\/\/4oywg.r.ag.d.sendibm3.com\/mk\/cl\/f\/Eev9ppG_frIBiRSi17URdp-VRgWIk-GcnE39uqKOGGgIODzSMTMxg3h-5YEmpoXQo3-7DwdLNeHlYGj5DkRYtkd-pqWFPo9fYmFO2MfUhllcMxH4ThWJgBGY-lSrcjzH5gG49tMtu68xoTcdYViYb30ajsxrjgrlO2wHqLfZ6DXIlP10J55ICAGvQa4ZsaG59XNEDrn1DeE0T72e7F-GCqiebvHGjnqlTToGicS_lirFOkf7mgPCiLWDsgDDWm7TTjFo0szAMiiYxPNYWoHtxcbb6Db_DKl6goh0hH3ZK_THRVXisMaonBqkMgycO-K4g_L0M20mA8iiaXH0X7x4YQXlRKpHTCTtU70BB4bjpWSwDojDu_pE_WH6wnsIICHi0eak1PAB8E0kCzHtEfRD-yodwjNFtXHJq3aJzDwQE2EKkU7wqsgdjY5wDkDPlrAPXJh02XYGwmyqdg_-sELFYmRNb_35CytKcM5pXRJMI5mHGkWXIGSbWtJLxJlszqhAFJjJQG7Cmm7bogBF0ug8Dn9KM6mqZMo3S5rpZNzRlncRAxURT2tXTNxgfZbu5F-bWvzbUuzDET3YHh0xFKlisHvpqJhvWZziCh1QtB_stFikynP3PZifDbgcXGurW1janon8yqwLBRYdtYgEpH5qySQOH9wKRVOWd7oF2JK41g\"><em>&nbsp;Mais la France esp\u00e8re encore \u00e9largir le cercle avec la participation de certains \u00c9tats baltes, l\u2019Italie ou encore la Belgique<\/em><\/a>&nbsp;\u00bb.<\/p>\n\n\n\n<p class=\"wp-block-paragraph\">Toutefois, cette initiative s\u2019ancre dans un contexte de divisions europ\u00e9ennes. En effet,&nbsp;<a href=\"https:\/\/4oywg.r.ag.d.sendibm3.com\/mk\/cl\/f\/KgFZ8-97tF6Z6EukAh8uqNevAgH_-KsxYIwZJyG2FrJum5Vf1UmZtwutQVYZhJ-N0G67f7cHlueCP0eXhPSRSxduxC6G7Scv6C-BgLAGQ6idR_ICtI_nSuubBPkdQ5F1khFI7Q4GEBQa3PCXT0rvCo_M6xuOzeuvETjA7uvXDm_2tKQMW9BAajpEezNuYxIhe7nxnby6H8RpDYSpi3dgY9X5jkCkNeQNhy2Dxuhc9MNXPuLTyxbtdxR0Z1Az-Ec2mHp4TDMR0ps-2JbLdI9OPnQq3BSKiew88KbkH7-uovnROxgBvZA3AyCB3ayzZMeqfKpgAnMwo3KflpQnM4z6dzFf_hkdxkDvzD9zMMMG73e2AX-FXE1S-GCRhKF58a3-Ssw-gcldHChXQNZElC2Pc94ody5p3vOuvHxJe5P_V_ENjj1m7TpqbquCeMQimjfo8gG_s-47diumtvKgWGFnnJfmPbyCoQ-5du5xfIJxIAJpiYc4KgXmhY1M2svhWoqSrakimyu_MuN9TWdP295U4vdUfMLVSHgCc3Ju-KI6MaEvoj0xwwCqXtHg9qX_0Ya_K_bHunA_khUQSChg6b01TumgJBlGNxYTIOrfpQzB55zzRtMeZ0CLnR0TPdWoxVpHxUXdzQiMjO0JhCepn5IiN6gS8hA1sjeZjwA\">la directive sur les \u00e9nergies renouvelables est en cours de discussions \u00e0 Bruxelles<\/a>. \u00ab&nbsp;<em>La France bataille contre l\u2019Allemagne et l\u2019Espagne pour que l\u2019hydrog\u00e8ne bas carbone, produit \u00e0 partir d\u2019\u00e9lectricit\u00e9 nucl\u00e9aire, soit plac\u00e9 \u00e0 \u00e9galit\u00e9 avec l\u2019hydrog\u00e8ne renouvelable, issu d\u2019\u00e9lectricit\u00e9 solaire, \u00e9olienne ou hydraulique<\/em>&nbsp;\u00bb.<\/p>\n\n\n\n<p class=\"wp-block-paragraph\">Cette lutte a commenc\u00e9 il y a un mois, lorsque la Commission a propos\u00e9 de \u00ab\u00a0<a href=\"https:\/\/4oywg.r.ag.d.sendibm3.com\/mk\/cl\/f\/sBchmUpbt31f9dk1A-JbpLgPZgo-VeokBT5vkTTCT_6VzwTmj4DSbGjXKrMeGPd6Yu1qEXv3CpTaCqpLOaZdj_LlpOClTD1w9dLzznxpyIWXQRENo002i8XvRO9VokIJBKaOgHJSrbZctjZlnkC1rQvVocnJeKFengSxxSqZSNrQvpvHfA989K0gSAjFUyHqo4cBPmXqslpD86KZ2NanYfqVSi3ZupkIWULajyLT6bhRa9UUh0oCMMH9pdVYI2gY17Ie4CHjZhMT3hEy1r4x72newfRVHkpQ1tfoaHA7ECb8W-iDjYY9s0pepCvNugVTD_y7JtF05c2dQb7yj8yI4ov3G8fxUpZ7UhHXQA1SGYY8-7jmepwyyvXYiyZTYggmAbwiKNqFb6M0cbcRzm9di6XGZPYc69kqF4mcDE2smIdK8bHhC8X-4Pa1jKmVKpY-50fdGydfbvkGwgvj5LoOsbTTTjPs7VbsfGoUCyPQN9qJp8fyOaGuhJGPWwBIbDa1SRhk5_eL96gBLrOJO0uD6yuM7A97GMb1MQWMmWWCIEQEFFpGaleozXxbk8ajB7egLKbsQRmZgVa3QZqio7MaL6mOPW89Zzvgp98FvinTnR9tXmVLRWbqJ9Cz1JY7MRnzfpIIs7BEpJ_mmJgyuNlogRiRuTSlwZA3grzAlpjF_BkTOL1X0YwjXWoqifzzXMc9CE2QsiPRRT7M21bh5Guzz81X_Q\"><em>consid\u00e9rer comme \u00ab vert \u00bb l\u2019hydrog\u00e8ne produit notamment \u00e0 partir du nucl\u00e9aire<\/em><\/a>\u00a0\u00bb. Cette initiative encore fran\u00e7aise, n\u2019a pas progress\u00e9, malgr\u00e9 un fort lobbying, de nombreux pays s\u2019y opposent. Frans Timmermans, le vice-pr\u00e9sident ex\u00e9cutif de l\u2019institution en charge du climat, est \u00e9galement contre et estime que \u00ab\u00a0<em>l\u2019hydrog\u00e8ne renouvelable doit \u00eatre produit \u00e0 partir de sources renouvelables\u00a0<\/em>\u00bb. L\u2019accord sur la directive est attendu le 29 mars, mais les nombreux d\u00e9bats pourraient repousser cette date.<\/p>\n\n\n\n<p class=\"wp-block-paragraph\"><\/p>\n\n\n\n<figure class=\"wp-block-image size-large\"><img data-recalc-dims=\"1\" loading=\"lazy\" decoding=\"async\" width=\"800\" height=\"160\" data-attachment-id=\"180\" data-permalink=\"https:\/\/europanova.eu\/en\/63ca8925317bea7c8a6cc4b9-jpeg-2\/\" data-orig-file=\"https:\/\/i0.wp.com\/europanova.eu\/wp-content\/uploads\/2023\/05\/63ca8925317bea7c8a6cc4b9.jpeg-1.png?fit=800%2C160&amp;ssl=1\" data-orig-size=\"800,160\" data-comments-opened=\"1\" data-image-meta=\"{&quot;aperture&quot;:&quot;0&quot;,&quot;credit&quot;:&quot;&quot;,&quot;camera&quot;:&quot;&quot;,&quot;caption&quot;:&quot;&quot;,&quot;created_timestamp&quot;:&quot;0&quot;,&quot;copyright&quot;:&quot;&quot;,&quot;focal_length&quot;:&quot;0&quot;,&quot;iso&quot;:&quot;0&quot;,&quot;shutter_speed&quot;:&quot;0&quot;,&quot;title&quot;:&quot;&quot;,&quot;orientation&quot;:&quot;0&quot;}\" data-image-title=\"63ca8925317bea7c8a6cc4b9.jpeg\" data-image-description=\"\" data-image-caption=\"\" data-large-file=\"https:\/\/i0.wp.com\/europanova.eu\/wp-content\/uploads\/2023\/05\/63ca8925317bea7c8a6cc4b9.jpeg-1.png?fit=800%2C160&amp;ssl=1\" src=\"https:\/\/i0.wp.com\/europanova.eu\/wp-content\/uploads\/2023\/05\/63ca8925317bea7c8a6cc4b9.jpeg-1.png?resize=800%2C160&#038;ssl=1\" alt=\"\" class=\"wp-image-180\" \/><\/figure>\n\n\n\n<h2 class=\"wp-block-heading\"><strong>Num\u00e9rique<\/strong><\/h2>\n\n\n\n<p class=\"wp-block-paragraph\"><strong>MOBILE WORLD CONGRESS : LE NUM\u00c9RIQUE \u00c0 L\u2019HONNEUR \u00c0 BARCELONE<\/strong><\/p>\n\n\n\n<p class=\"wp-block-paragraph\">L\u2019ouverture de ce salon a \u00e9t\u00e9 marqu\u00e9e par le discours de la directrice g\u00e9n\u00e9rale d\u2019Orange, Christel Heydemann : \u00ab<a href=\"https:\/\/4oywg.r.ag.d.sendibm3.com\/mk\/cl\/f\/pP4qWASrpMEKhCws-HrCCN7hMqfunwjtPIK7d9Bf06VRprkmFrNP8pn7y9AEgi3WZ5bsFqqocfCOykvN1y4b_wPEWehQIwU3teYmfuDVzjgW9EhMkca5gbNDJ7M2_f6CaETi7uLj2dPD2gnba98MlsCS0Ze0tgHUPEqdS0jpQCa_njmh-8WjTA49gb4WW2MyJEhabO8SNWVtIPFdw0IlLMPRcboyJQ1Iy888dRShKnIhtr1rR_eyCGrviyZB4LYwkpYrR-41XbAy58-4Jy2tPtpeOPILXotq4PK5FRl-eVnrU__W00wpfcO1sH4E9N3MWmwiv72DqbBzxNBnO_2WiDMf3K3d3uT5zOJFae3RuWczGyXEZnCYmEfgaQbpO0uDRw\"><em>&nbsp;Les vents contraires pour notre industrie en Europe n\u2019ont peut-\u00eatre jamais \u00e9t\u00e9 aussi forts (\u2026) parce que les investissements massifs dans les r\u00e9seaux \u2013 pr\u00e8s de 600 milliards d\u2019euros en Europe au cours de la derni\u00e8re d\u00e9cennie ! \u2013 se r\u00e9v\u00e8lent difficiles \u00e0 mon\u00e9tiser<\/em><\/a>&nbsp;\u00bb. Ce qui se joue est une v\u00e9ritable lutte entre op\u00e9rateurs t\u00e9l\u00e9coms et les groupes du num\u00e9rique. En effet, la multiplication gigantesque du nombre de donn\u00e9es, g\u00e9n\u00e9r\u00e9es par les grands groupes (GAFAS : Google, Apple, Facebook, Amazon) sont tels, que les op\u00e9rateurs doivent investir de plus en plus dans leurs r\u00e9seaux. Tandis que, la r\u00e9gulation et la concurrence emp\u00eache les op\u00e9rateurs t\u00e9l\u00e9coms de g\u00e9n\u00e9rer les b\u00e9n\u00e9fices n\u00e9cessaires \u00e0 leur d\u00e9veloppement.<\/p>\n\n\n\n<p class=\"wp-block-paragraph\">Lors de ce Congr\u00e8s, la 6G a \u00e9t\u00e9 mise \u00e0 l\u2019honneur, pr\u00e9voyant son \u00e9mergence pour 2030. Cependant, pour de nombreux secteurs ce sujet est d\u00e9j\u00e0 au c\u0153ur de leur d\u00e9veloppement depuis quelques ann\u00e9es. L\u2019Agence spatiale europ\u00e9enne, \u00e0 travers son chef de la division des futurs projets t\u00e9l\u00e9coms, a d\u00e9j\u00e0 envisag\u00e9 la 6G : \u00ab&nbsp;<a href=\"https:\/\/4oywg.r.ag.d.sendibm3.com\/mk\/cl\/f\/hOsd46VERd7K0f1Jh8uIngTJIhpTmRbRzMzp9XRxueJ7go1xob9XBy9s1BGPyZRwIEBMAkj4nCti8x6vGQ57HUXb8kxhC2ESK34I4DHg2FiybRWUaO7TchoHVzr2TND4csUha34wecxNXZgclR_ArlbhDTV-Zh81P3miKs9oBEVXfTyJGi5moeiU96sCHwnawQ_fdBtKJ4svdIJcF4LjzguUUY13Ce71DpT1lVktSEBRP_zMeJhA95LQ168YVlwsdwxYojcM8YI6azdJrfIOTe2AU5DXCAu9f6_NQJ5csO1U37llS1V-xfZ73FjcEY0d2Yy7MG0\"><em>avec cela, nous construisons un satellite exp\u00e9rimental, un peu comme un laboratoire qui, au lieu d&rsquo;\u00eatre au sol, est en orbite afin que nous puissions le tester de mani\u00e8re r\u00e9aliste avec les r\u00e9seaux terrestres<\/em><\/a>&nbsp;\u00bb. La 6G permettrait de multiplier par dix la vitesse de transmission des donn\u00e9es, tout en diminuant la consommation d\u2019\u00e9nergie, pour un avenir num\u00e9rique plus vert.<\/p>\n\n\n\n<p class=\"wp-block-paragraph\"><\/p>\n\n\n\n<p class=\"wp-block-paragraph\"><strong>CONSTELLATION IRIS2 : POUR DES COMMUNICATIONS ULTRA S\u00c9CURIS\u00c9ES DANS L\u2019UE<\/strong><\/p>\n\n\n\n<p class=\"wp-block-paragraph\">Apr\u00e8s 9 mois de n\u00e9gociations, le commissaire Thierry Breton est parvenu \u00e0 lancer le projet de la constellation satellitaire IRIS2. L\u2019objectif est de permettre aux \u00c9tats membres de l\u2019Union d\u2019avoir une souverainet\u00e9 technologique et \u00ab&nbsp;<a href=\"https:\/\/4oywg.r.ag.d.sendibm3.com\/mk\/cl\/f\/eghAInlCFbbYybH3duzvZnFdvKDVrkCglx-AkuXjx7X_FjHJYMjjEq8Etk_BJFYOuUpAiLVh17nYKUyTqTZjFhFyvdgq0ecneu7gQLpS7yAkB336hHABTQb50IbLgkL34zpIOUuMv7yACrOjOAYwN29AH3ujHve4-VHYZS-GAKoaTh9QcbhYUSu0P6gXqQQONd4EN-SjRTg5kDfe5bUEeOuuodlL21-n9JN4GAB_IN-4ogTFbhENVeD-GwdaOTSBv-DiDDbqPqqH4QhU-VaGA9Frx3yAxxZ8SocKZpAdrJJjQK399x5VqvB_IOe5UDHWNeZDrE8GpotpNcdg4dtTbr-lzPwpjf3d_QqF4HsPJadSNyTFMBnNxIi9iKibl-qwscgiR2KuYOSOMKPj87YrXTQ-d_iw1uQY-YXqXMwc7RFU10ruWQ\"><em>un acc\u00e8s garanti \u00e0 une communication ultra s\u00e9curis\u00e9e, globale, autonome et qui r\u00e9ponde \u00e0 leurs besoins op\u00e9rationnels<\/em><\/a>&nbsp;\u00bb, \u00ab&nbsp;<em>On le vit tous les jours en Ukraine, la connectivit\u00e9 par les satellites LEO dans des zones de conflit est absolument cruciale. C&rsquo;est un \u00e9l\u00e9ment d\u00e9sormais d\u00e9terminant des th\u00e9\u00e2tres d&rsquo;op\u00e9ration. C&rsquo;est une capacit\u00e9 essentielle &#8211; il faut bien dire les choses &#8211; que l&rsquo;Europe n&rsquo;a pas et que fournira IRIS\u00b2<\/em>&nbsp;\u00bb.<\/p>\n\n\n\n<p class=\"wp-block-paragraph\">Le projet devrait couter 6 milliards d\u2019euros, dont pr\u00e8s de la moiti\u00e9 vient du budget de l\u2019UE, auquel il faut additionner les 750 millions d\u2019euros de l\u2019Agence spatiale europ\u00e9enne. L\u2019autre moiti\u00e9 du budget doit \u00eatre apport\u00e9e par des financements priv\u00e9s. La mise en place d\u2019IRIS2 va d\u00e9buter&nbsp;<a href=\"https:\/\/4oywg.r.ag.d.sendibm3.com\/mk\/cl\/f\/UrcJr0VUC4HqXBlg7n2oIdVcTlGRkEJIUaHK62ue01pzl8RcWzPS8XWO03qhHwLte3adtePSTTdEPHtqZ5qqaAuNMZfREP3THRsj4u0H1H7uYceMjes4HdGtc8AF6y5jtbnrA-vxYefng2UrXjXYU9jqsmDCG-EWgHg2-XdRYCFl8CvdDacXjwwmRup8yXBwL2ga0VBMH-YMi6qbeAoLHcDWPicCiQwYXv0XUvTsskpX39mPLFRcuE9XEp8M3bviMg0agj_eGXMkWJ4ccFNfvi9WM9iQqj-9S3GDMXl2__2ACkAgge8imJuMfMYXnZMVAGfNa2cgWVr42o0_VWNECwUzP0lUN9ydU3czQTbScsfPzpf2gFkn2DM\">d\u00e8s la fin de l\u2019ann\u00e9e 2024<\/a>&nbsp;avec la livraison des premiers services, avant une pleine fonctionnalit\u00e9 pr\u00e9vue pour 2027.<\/p>\n\n\n\n<p class=\"wp-block-paragraph\">La constellation d\u2019IRIS2 sera compos\u00e9e de centaines de satellites plac\u00e9s sur diff\u00e9rentes orbites et bien plus r\u00e9sistante aux cyberattaques. L\u2019Union souhaite surveiller le trafic dans l\u2019espace et depuis l\u2019espace. Ce projet vient compl\u00e9ter le syst\u00e8me de positionnement Galileo, ainsi que Copernicus, qui permet d\u2019observer la Terre. Comme le souligne le Commissaire : \u00ab\u00a0<a href=\"https:\/\/4oywg.r.ag.d.sendibm3.com\/mk\/cl\/f\/k3wT5NKR7uOuVUhHUVFXhSCbGBNX9ZV2ztPgtAwxGHj9stQngyceiB3QON56ICRl5ZWq7Tis56oKAA96Lt4sZQ-exkQFkMyb-b9G1ABQ6g4OvN90kEr6Lgj9njqNeYwDCFVIVda5U8dMf0YLwQaiDtjh_hnD8EIMK5PRffZTNdbjIi1i9krKktYUnef-3-zWXTBtT3tjIq6P_uUVmqXH50YqP9WZtPwFM80xDUbDjTXvsPX1LW9ziWT-bJ5jEjGzN3PclZ9yCP03-pRBuqwoUdT9EjThhfFJXWUpureJDLIBuVFNKXKvXFArL-30\"><em>C\u2019est un grand pas pour notre r\u00e9silience et un saut de g\u00e9ant pour notre souverainet\u00e9 technologique<\/em><\/a>\u00a0\u00bb.<\/p>\n","protected":false},"excerpt":{"rendered":"<p>Inscrivez-vous sur ce lien pour recevoir gratuitement et directement la newsletter dans votre boite mail ! N&rsquo;h\u00e9sitez pas \u00e0 nous soutenir, vos dons sont pr\u00e9cieux pour offrir une actualit\u00e9 sp\u00e9cifique et accessible \u00e0 tous. Si vous souhaitez devenir des partenaires de notre newsletter, vous pouvez contacter Isabelle N\u00e9grier : isabelle.negrier@europanova.eu Comit\u00e9 de r\u00e9daction : Guillaume [&hellip;]<\/p>\n","protected":false},"author":234807144,"featured_media":177,"comment_status":"open","ping_status":"open","sticky":false,"template":"","format":"standard","meta":{"_crdt_document":"","advanced_seo_description":"","jetpack_seo_html_title":"","jetpack_seo_noindex":false,"_jetpack_newsletter_access":"","_jetpack_dont_email_post_to_subs":false,"_jetpack_newsletter_tier_id":0,"_jetpack_memberships_contains_paywalled_content":false,"_jetpack_memberships_contains_paid_content":false,"footnotes":"","jetpack_publicize_message":"","jetpack_publicize_feature_enabled":true,"jetpack_social_post_already_shared":false,"jetpack_social_options":{"image_generator_settings":{"template":"highway","default_image_id":0,"font":"","enabled":false},"version":2},"_wpas_customize_per_network":false,"jetpack_post_was_ever_published":false},"categories":[762155369],"tags":[],"class_list":["post-192","post","type-post","status-publish","format-standard","has-post-thumbnail","hentry","category-europanovanews"],"jetpack_publicize_connections":[],"jetpack_featured_media_url":"https:\/\/i0.wp.com\/europanova.eu\/wp-content\/uploads\/2023\/05\/logonewsletter-1.jpg?fit=1134%2C340&ssl=1","jetpack_likes_enabled":true,"jetpack_sharing_enabled":true,"jetpack_shortlink":"https:\/\/wp.me\/peMWIh-36","_links":{"self":[{"href":"https:\/\/europanova.eu\/en\/wp-json\/wp\/v2\/posts\/192","targetHints":{"allow":["GET"]}}],"collection":[{"href":"https:\/\/europanova.eu\/en\/wp-json\/wp\/v2\/posts"}],"about":[{"href":"https:\/\/europanova.eu\/en\/wp-json\/wp\/v2\/types\/post"}],"author":[{"embeddable":true,"href":"https:\/\/europanova.eu\/en\/wp-json\/wp\/v2\/users\/234807144"}],"replies":[{"embeddable":true,"href":"https:\/\/europanova.eu\/en\/wp-json\/wp\/v2\/comments?post=192"}],"version-history":[{"count":4,"href":"https:\/\/europanova.eu\/en\/wp-json\/wp\/v2\/posts\/192\/revisions"}],"predecessor-version":[{"id":196,"href":"https:\/\/europanova.eu\/en\/wp-json\/wp\/v2\/posts\/192\/revisions\/196"}],"wp:featuredmedia":[{"embeddable":true,"href":"https:\/\/europanova.eu\/en\/wp-json\/wp\/v2\/media\/177"}],"wp:attachment":[{"href":"https:\/\/europanova.eu\/en\/wp-json\/wp\/v2\/media?parent=192"}],"wp:term":[{"taxonomy":"category","embeddable":true,"href":"https:\/\/europanova.eu\/en\/wp-json\/wp\/v2\/categories?post=192"},{"taxonomy":"post_tag","embeddable":true,"href":"https:\/\/europanova.eu\/en\/wp-json\/wp\/v2\/tags?post=192"}],"curies":[{"name":"wp","href":"https:\/\/api.w.org\/{rel}","templated":true}]}}