{"id":159,"date":"2023-05-10T16:56:41","date_gmt":"2023-05-10T14:56:41","guid":{"rendered":"https:\/\/europanova.eu\/?p=159"},"modified":"2024-01-24T13:32:19","modified_gmt":"2024-01-24T12:32:19","slug":"newsletter-du-20-janvier-2023","status":"publish","type":"post","link":"https:\/\/europanova.eu\/en\/2023\/05\/10\/newsletter-du-20-janvier-2023\/","title":{"rendered":"Newsletter du 20 janvier 2023"},"content":{"rendered":"<p class=\"wp-block-paragraph\"><strong>Inscrivez-vous sur <a href=\"https:\/\/ebbf9231.sibforms.com\/serve\/MUIEAHsuX4wekgo0QuleyfN7chi-k6vAARhELmRBBlqR3lOu5L4IX8zEZsyty_mn037C-rAjHZ3nzuiVV3MSQu5BkX7p-6nWCgmx7KsIy14a69kacdW_ebBvza7zhQg-48ianp5TN2FubkaqVSTGzTHKRguZ0uB5r0HGFInxXjuzSt2z4VVhm19UPKi3YDgDQ8R5t2qpNN8btYay\">ce lien<\/a><\/strong> pour recevoir gratuitement et directement la newsletter dans votre boite mail !<\/p>\n\n\n\n<p class=\"wp-block-paragraph\"><strong><a href=\"https:\/\/www.helloasso.com\/associations\/fonds-de-dotation-europanova\/adhesions\/club-europanova\">N&rsquo;h\u00e9sitez pas \u00e0 nous soutenir,<\/a> <\/strong>vos dons sont pr\u00e9cieux pour offrir une actualit\u00e9 sp\u00e9cifique et accessible \u00e0 tous.<\/p>\n\n\n\n<p class=\"wp-block-paragraph\">If you want to become a <strong>partner<\/strong> de notre newsletter, vous pouvez contacter Isabelle N\u00e9grier : isabelle.negrier@europanova.eu<\/p>\n\n\n\n<p class=\"wp-block-paragraph\">Comit\u00e9 de r\u00e9daction : Denis Simonneau, Guillaume Klossa, Isabelle N\u00e9grier et Laura De Almeida<\/p>\n\n\n\n<p class=\"wp-block-paragraph\"><strong>Bonne lecture ! <\/strong><\/p>\n\n\n\n<figure class=\"wp-block-image size-large\"><img data-recalc-dims=\"1\" loading=\"lazy\" decoding=\"async\" width=\"605\" height=\"132\" data-attachment-id=\"162\" data-permalink=\"https:\/\/europanova.eu\/en\/2023\/05\/10\/newsletter-du-20-janvier-2023\/63ca896561155334786296ce-jpg\/\" data-orig-file=\"https:\/\/i0.wp.com\/europanova.eu\/wp-content\/uploads\/2023\/05\/63ca896561155334786296ce.jpg.png?fit=605%2C132&amp;ssl=1\" data-orig-size=\"605,132\" data-comments-opened=\"1\" data-image-meta=\"{&quot;aperture&quot;:&quot;0&quot;,&quot;credit&quot;:&quot;&quot;,&quot;camera&quot;:&quot;&quot;,&quot;caption&quot;:&quot;&quot;,&quot;created_timestamp&quot;:&quot;0&quot;,&quot;copyright&quot;:&quot;&quot;,&quot;focal_length&quot;:&quot;0&quot;,&quot;iso&quot;:&quot;0&quot;,&quot;shutter_speed&quot;:&quot;0&quot;,&quot;title&quot;:&quot;&quot;,&quot;orientation&quot;:&quot;0&quot;}\" data-image-title=\"63ca896561155334786296ce.jpg\" data-image-description=\"\" data-image-caption=\"\" data-large-file=\"https:\/\/i0.wp.com\/europanova.eu\/wp-content\/uploads\/2023\/05\/63ca896561155334786296ce.jpg.png?fit=605%2C132&amp;ssl=1\" src=\"https:\/\/i0.wp.com\/europanova.eu\/wp-content\/uploads\/2023\/05\/63ca896561155334786296ce.jpg.png?resize=605%2C132&#038;ssl=1\" alt=\"\" class=\"wp-image-162\" \/><\/figure>\n\n\n\n<h2 class=\"wp-block-heading\"><strong>D\u00e9mocratie et \u00c9tat de droit<\/strong><\/h2>\n\n\n\n<p class=\"wp-block-paragraph\"><strong>UKRAINE : MOBILISATION DES \u00c9TATS MEMBRES<\/strong><\/p>\n\n\n\n<p class=\"wp-block-paragraph\">Les pays qui soutiennent militairement l&rsquo;Ukraine se sont r\u00e9unis aujourd&rsquo;hui, vendredi 20 janvier, sur la base militaire de Ramstein, en Allemagne. Le pr\u00e9sident ukrainien dit attendre \u00ab\u00a0<em>des d\u00e9cisions fortes<\/em>\u00ab\u00a0, comme l&rsquo;envoie de blind\u00e9s lourds. Lloyd Austin, secr\u00e9taire de la d\u00e9fense am\u00e9ricain a indiqu\u00e9 que c&rsquo;\u00e9tait \u00ab\u00a0<em>un mouvement d\u00e9cisif pour l&rsquo;Ukraine<\/em>\u00ab\u00a0. La r\u00e9union de Ramstein est la troisi\u00e8me sous ce format depuis le d\u00e9but du conflit, et r\u00e9uni une cinquantaine de pays autour du secr\u00e9taire d&rsquo;\u00c9tat am\u00e9ricain. Le nouveau ministre allemand de la d\u00e9fense a d\u00e9clar\u00e9 : \u00ab\u00a0<em>qu&rsquo;aucune d\u00e9cision n&rsquo;avait \u00e9t\u00e9 prise jusqu&rsquo;alors sur une \u00e9ventuelle livraison \u00e0 Kiev de chars d&rsquo;assaut Leopard, de fabrication allemande<\/em>\u00ab\u00a0.&nbsp;<\/p>\n\n\n\n<p class=\"wp-block-paragraph\">Compte tenu de la forte hausse de l&rsquo;intensit\u00e9 des combats dans la r\u00e9gion de Zaporijjia, dans le sud de l&rsquo;Ukraine, le pr\u00e9sident Zelensky a remerci\u00e9 les \u00c9tats-Unis, premier soutien de Kiev contre l&rsquo;invasion russe. S&rsquo;adressant par liaison vid\u00e9o aux participants de la r\u00e9union de Ramstein, le pr\u00e9sident ukrainien a invit\u00e9 les pays alli\u00e9s \u00ab\u00a0<a href=\"https:\/\/4oywg.r.ag.d.sendibm3.com\/mk\/cl\/f\/dNl2S0DDGgWpg7axHrOgVUWt_dHWjQfpXoETWR5DMZ_8a6fzR0ZFLmwRvZM1nCITEn9T7WUQJCbdujsTIfG9OsiGxNikHF3Ap9vKEu_pi3r2-GYS6fbI9o9BM92kE9YaAGsIakbMxqlgRpTy3jRsZRtnn6XYgvTLjiF1Dng3ZSQCo6zg7dLJ8YldOEWQvrR5R1obhRb8wEAGl2Oj40G94hVZwjBk9UKLqZk3djwjnAV-GSLQ5r0-56kmsljSm02KmDn68-SKauXpAFBweND6RNxeWjilC87glv2R8LECqbX2ZTfU3_VN2mfNYxno1Y0SUNWSZ-cjsAy1YLj8-K4FNsr2D5_rHaN3gftxMOsbvN3C3d7TKYSI_P6EY_jJvdlHqF43qHDfP2QQNg\"><em>\u00e0 acc\u00e9lerer les livraisons d&rsquo;armes<\/em><\/a>\u00ab\u00a0, notamment de chars. Quelques heures avant cette r\u00e9union, les \u00c9tats-Unis, le Royaume-Uni, la Su\u00e8de et le Danemark avaient annonc\u00e9 de nouvelles livraisons substantielles d&rsquo;armes \u00e0 l&rsquo;Ukraine. La Finlande a d\u00e9bloqu\u00e9 400 millions d&rsquo;euros pour de l&rsquo;artillerie et des munitions. De plus, la promesse de livraison par la France de chars l\u00e9gers AMX-10RC, a lev\u00e9 un tabou favorisant l&rsquo;envoie de chars lourds. Le Royaume-Uni s&rsquo;est d\u00e9j\u00e0 engag\u00e9 \u00e0 livrer 14 tanks challengers.<\/p>\n\n\n\n<p class=\"wp-block-paragraph\"><\/p>\n\n\n\n<p class=\"wp-block-paragraph\"><strong>QATARGATE : L&rsquo;HEURE DES COLLABORATIONS AVEC LA JUSTICE EST VENUE<\/strong><\/p>\n\n\n\n<p class=\"wp-block-paragraph\">Pier Antonio Panzeri, ancien d\u00e9put\u00e9 europ\u00e9en italien, est le personnage central de l\u2019enqu\u00eate sur le Qatargate. Lors de son arrestation le 9 d\u00e9cembre dernier, la police belge a trouv\u00e9 pr\u00e8s de 600 000 euros en esp\u00e8ces \u00e0 son domicile. D\u2019apr\u00e8s les autorit\u00e9s, il serait m\u00eame le cerveau de cette corruption qui a \u00e9branl\u00e9 le Parlement europ\u00e9en. Ce mardi 17 janvier, l\u2019ancien eurod\u00e9put\u00e9 a d\u00e9cid\u00e9 de collaborer avec la justice belge, il a sign\u00e9 un \u00ab&nbsp;<em><a href=\"https:\/\/4oywg.r.ag.d.sendibm3.com\/mk\/cl\/f\/aNNjcsHCeay4Ag5VKXjdQU6ccLKuaOsKkgzOCoRDTssmeVM_xEMjJrFd0GXddIwcFxFV_SI55psG83NN3oRtHbKB24dCCRFl_R6fg3mYKpqCw1aGsxMsyNjwYZtiVb-AmGYJIN9YTiit5LiSEzAGtUMncy60wK0MzOOUiTYgSAWNEAhvseDCwIojmcGPwpGH9tHRbwzb_Z8oSvsvPeAjTky8k88OurTeQUT8LQ6vseBxXvPT3S8LJyFCs6IU8tGChblew4cf8dcrQNt09lEmfB56vtdOu4mpd03LKzuT3hNUJ-tz0pIrM3VTgy193G-kZLxUPx_tpBGAZJ8QgOXokENDB-iZ3xlsUiMErao-tFYwWka6W6vQBctGk85Xm39arFnOGgkVtLMfdlHw_Lnh_SjEqZKa_Zxot4SEZfG5X3xZUNDnJ07X0CHLsoIdgxHxmdrdyhAS5DsJtPIa31Xq0gT42jnAVtxT6NL5I5TbZRgiWlM4U_y9ddPTdcv_ig\">accord de repentance<\/a><\/em>&nbsp;\u00bb avec le procureur f\u00e9d\u00e9ral. En \u00e9change, il devrait voir sa peine d\u2019emprisonnement diminu\u00e9e, passant \u00e0 cinq ans de prison, dont quatre avec sursis, une amende d\u2019une hauteur de 80 000 euros, mais \u00e9galement la confiscation de pr\u00e8s d\u2019un million d\u2019euros de biens \u00e0 son bureau. Cet accord est en attente de validation par la chambre du conseil, qui s\u2019occupe du contr\u00f4le de l\u2019instruction en Belgique.<\/p>\n\n\n\n<p class=\"wp-block-paragraph\">L\u2019avocat de Pier Antonio Panzeri s\u2019est confi\u00e9 sur la cha\u00eene RTBF : \u00ab&nbsp;<em><a href=\"https:\/\/4oywg.r.ag.d.sendibm3.com\/mk\/cl\/f\/XH8XI6wjC3I22WJHFhI_uvXi4W8fMV109e_gpDJ48IG_gBeus7qMpcNYd4mDLkHm6LX5S5ZXG7_KFCNJmBxrqtpAu29zhq6xwJNT0PU6OM8FzmqVpFMKjIHpFd2uoEE6mKWTPJzNEELQUdvxW8KYtQaFdOiiTaQ_HI0kRTlKqFz_VrnExGwz5YMfG42deAzxO7vXGc1B3hp00pi3wCrmJyBf-E6WFhDEOtkTNo6SP7a-TIzktnYIVbQuLVB36VFZzwc8Dfji1RENbW4QyA1ypgpf0BkyVmLuiAgN4sAB7jB4UJ-UMiMqNY-RTC-y-glFaGQ8klkkwhBLrBeA25ceg_HynzY\">I<\/a><\/em><em><u><em><a href=\"https:\/\/4oywg.r.ag.d.sendibm3.com\/mk\/cl\/f\/yE5ylIC3MOUNHAV1kqNdnTw3TB4K_3ilAmM7zVrdQ_4-pO7haznlO3KPWaNCAhOCOYLwbKFeK-ydIXRQWuUc1nlFFnEDmNnrxYfehgYyVIpDfNplQWr1b1iEqcgoc1gl7RTGSSnN2cYws-M_mCm5LftmnBGzXnoWHD3INzFHSPBpaThIhU7JTWTFsmbU61_XSedhQbQGIBgX-QQNBzPg4IX_asB2HG9ZwW6ZbWwn5X1wQT4sT7mTn3GbX7uuxcVnPuOVHO4L1i51siPcu_mUPYJ5_No4397oQHMF2r-g-iOOvEs9zQ1Oylz24wmN1wwYILNHqoa4zUhvE3JP1tU_RIdl6aA\">l<\/a><\/em><\/u>&nbsp;a envie de d\u00e9baller, il veut voir le bout du tunnel (\u2026) Il a reconnu avoir \u00e9t\u00e9 l\u2019un des dirigeants d\u2019une organisation criminelle (..) en lien avec le Qatar et le Maroc<\/em>&nbsp;\u00bb. De son c\u00f4t\u00e9, la presse a men\u00e9 l\u2019enqu\u00eate et en est arriv\u00e9 \u00e0 la conclusion que le Maroc s\u2019est servi de Panzeri afin d\u2019entr\u00e9e dans le Parlement europ\u00e9en et y faire passer ses int\u00e9r\u00eats. Toutefois, le Maroc, tout comme le Qatar, a totalement contest\u00e9 ces accusations de corruption.<\/p>\n\n\n\n<p class=\"wp-block-paragraph\"><\/p>\n\n\n\n<p class=\"wp-block-paragraph\"><strong>ATTAQUE CONTRE LA D\u00c9MOCRATIE : COMBAT ENTRE LES PARLEMENTS ANGLAIS ET \u00c9COSSAIS<\/strong><\/p>\n\n\n\n<p class=\"wp-block-paragraph\">En d\u00e9cembre dernier, le Parlement \u00e9cossais a propos\u00e9 une loi sur la reconnaissance du genre, simplifiant la proc\u00e9dure de changement de sexe. De cette mani\u00e8re, les personnes transgenres n\u2019auront plus besoin d\u2019avoir un diagnostic m\u00e9dical de dysphorie de genre pour demander le certificat de reconnaissance de genre.&nbsp;<a href=\"https:\/\/4oywg.r.ag.d.sendibm3.com\/mk\/cl\/f\/KrchAD5oUJLF4QJQ-hH6qbPY7MD4TRhcD9OF5WphhycE9eZaQRBAKbPfpvjvdvXNmBpbZQvGPOTQD1IzdRANZFrPjqN5HA4GtMTl9LPIpw84sFoZ2twVkMJDmeLkFaWoSQY3-z46Ag14H-cf6xlKuzwOFW33qENiR9jT7FMHA1LnP6YgFtGhmqmSt2tBPre0UmvpUXorc8zFDsb5zuTSX1koP74GGX3AVEJsequORhfn42vR-KnYfz44En3VCCLejzyy44t0k9lMTKP2hpSf6DPPA_VYJTN5jZdG9xexoZPC9l4Q4SlZk5yAr3LvgOflN-z3ev_aKWkD-FSwb4lokQ\">Ce 16 janvier, le gouvernement britannique a bloqu\u00e9 cette loi \u00e9cossaise<\/a>, qui a pourtant \u00e9t\u00e9 adopt\u00e9e \u00e0 une large majorit\u00e9, soutenue par les cinq partis d\u2019Holyrood, le Parlement \u00e9cossais. Londres craint un impact sur ces propres lois sur l\u2019\u00e9galit\u00e9.<\/p>\n\n\n\n<p class=\"wp-block-paragraph\">La loi sur l\u2019\u00c9cosse de 1998, a permis la mise en place d\u2019un gouvernement d\u00e9centralis\u00e9 afin d\u2019avoir plus de poids dans la prise de d\u00e9cision nationale, m\u00eame si certains domaines restent sous contr\u00f4le londonien. Lundi a \u00e9t\u00e9 un jour historique, puisque&nbsp;<a href=\"https:\/\/4oywg.r.ag.d.sendibm3.com\/mk\/cl\/f\/khcw2P3d_DEHJbjyz9UQm7tB1AkPQBA6cvwCdNhRUVPhIu8O7J6BogI9_SLv7fKoS0N3AQ4y6FyUZ56JDPr5C4udbX7o8OKygXgPv9lpSD1CAVy59FwG8Uvkqd5x9LMGdX1QD-tJOl3pA8mGQdVO-1Mg7uWTjBk2s1QcLmFKtumhr10GbirHpK-wmYecs_LijWIgu5mD7pdo6POm5hNqczq66g6ZNBdCCmLje1KY_J92N5xqwCVd_9XPTD8Z0Is1sxu_8_s_9BJxDkJ8M0oPhAauwSSSFAK6T5AZd9xhztj8e1zOiZ4UHzghLhqz\">pour la premi\u00e8re fois le gouvernement britannique use de son pouvoir pour bloquer une loi \u00e9cossaise<\/a>. D\u2019apr\u00e8s Londres, cette loi mettrait en danger les femmes, qui ne pourraient acc\u00e9der librement \u00e0 leurs espaces r\u00e9serv\u00e9s. Ce \u00e0 quoi le gouvernement \u00e9cossais r\u00e9pond, que leur loi n\u2019aura aucun impact sur l\u2019exclusion des personnes transgenres d\u2019espaces r\u00e9serv\u00e9s, comme les vestiaires.<\/p>\n\n\n\n<p class=\"wp-block-paragraph\">Nicola Sturgeon, premi\u00e8re ministre \u00e9cossaise s\u2019indigne dans un tweet du 16 janvier :<\/p>\n\n\n\n<p class=\"wp-block-paragraph\">\"\u00a0<a href=\"https:\/\/4oywg.r.ag.d.sendibm3.com\/mk\/cl\/f\/EUaItVZHuxWY1_GQDtFxQ-9c-1rdNnnQjA_5tXh0hac_N-5OJSPnrwIH0LLV07nZvMAtq4zzmxzpoDk_EHKZeKEpCLy-_E7fHvjmZBg8BitNxxGPdVnX1WiTKuHc2mDeY1jWO-ob4v7B9A24hsJzN3ViFKzJNgSjkNbjxUOMc7X-4YOg4Mu1SgM60rExSxYvmYWwkttS79sv4H_X15ERcEOogDekQcoSBI3AHAuYoBQJelEGHQMOackk0gpC\"><em>Il s&rsquo;agit d&rsquo;une attaque frontale contre notre Parlement \u00e9cossais d\u00e9mocratiquement \u00e9lu et sa capacit\u00e9 \u00e0 prendre ses propres d\u00e9cisions sur les questions d\u00e9centralis\u00e9es. Le @scotgov d\u00e9fendra la l\u00e9gislation et d\u00e9fendra le Parlement \u00e9cossais. Si ce v\u00e9to de Westminster r\u00e9ussit, ce sera le premier d&rsquo;une longue s\u00e9rie<\/em><\/a>\u00ab\u00a0.<\/p>\n\n\n\n<p class=\"wp-block-paragraph\"><\/p>\n\n\n\n<figure class=\"wp-block-image size-large\"><img data-recalc-dims=\"1\" loading=\"lazy\" decoding=\"async\" width=\"960\" height=\"210\" data-attachment-id=\"165\" data-permalink=\"https:\/\/europanova.eu\/en\/2023\/05\/10\/newsletter-du-20-janvier-2023\/63ca8952044b097f6e5b1f4d-jpg\/\" data-orig-file=\"https:\/\/i0.wp.com\/europanova.eu\/wp-content\/uploads\/2023\/05\/63ca8952044b097f6e5b1f4d.jpg.png?fit=960%2C210&amp;ssl=1\" data-orig-size=\"960,210\" data-comments-opened=\"1\" data-image-meta=\"{&quot;aperture&quot;:&quot;0&quot;,&quot;credit&quot;:&quot;&quot;,&quot;camera&quot;:&quot;&quot;,&quot;caption&quot;:&quot;&quot;,&quot;created_timestamp&quot;:&quot;0&quot;,&quot;copyright&quot;:&quot;&quot;,&quot;focal_length&quot;:&quot;0&quot;,&quot;iso&quot;:&quot;0&quot;,&quot;shutter_speed&quot;:&quot;0&quot;,&quot;title&quot;:&quot;&quot;,&quot;orientation&quot;:&quot;0&quot;}\" data-image-title=\"63ca8952044b097f6e5b1f4d.jpg\" data-image-description=\"\" data-image-caption=\"\" data-large-file=\"https:\/\/i0.wp.com\/europanova.eu\/wp-content\/uploads\/2023\/05\/63ca8952044b097f6e5b1f4d.jpg.png?fit=960%2C210&amp;ssl=1\" src=\"https:\/\/i0.wp.com\/europanova.eu\/wp-content\/uploads\/2023\/05\/63ca8952044b097f6e5b1f4d.jpg.png?resize=960%2C210&#038;ssl=1\" alt=\"\" class=\"wp-image-165\" \/><\/figure>\n\n\n\n<h2 class=\"wp-block-heading\"><strong>Europe G\u00e9opolitique et \u00c9conomique<\/strong><\/h2>\n\n\n\n<p class=\"wp-block-paragraph\"><strong>LIVRAISON DE CHARS : L&rsquo;ALLEMAGNE SOUS PRESSION<\/strong><\/p>\n\n\n\n<p class=\"wp-block-paragraph\">L\u2019Allemagne se retrouve sous une pression des puissances occidentales pour livrer ses chars Leopard II. D\u2019une part car certains pays, comme la Pologne et la Finlande souhaite envoyer leurs chars du m\u00eame nom en Ukraine, toutefois, comme le soul\u00e8ve le journal du Washington Post : \u00ab<a href=\"https:\/\/4oywg.r.ag.d.sendibm3.com\/mk\/cl\/f\/jByX1p2tTmPuRPD7khlIAGkdoDppLo4YuDi_nJOFjcYBxZm_Kby6C8wCDKpNumFVyXnu0f6tTdeX5IdTfthdVDqeWKKVNnEJxFHQkVl-6utxlgtYFqnopqndzDIBCAduadZp4mu66AjiCa1bVzQjwBHLiQfuEFsTa2UEVEtkzLkl_11buuPlxh7dJhvV3-PS9EXIZUFY76KcdCEP5FIDheGOxSoax1OTOnq77UhynFGEr0c5avEQD5qHgBTMV7fla3_4Y-rtJlDb1TZUOFKJlN2jKm3YEIK1CVk\"><em>&nbsp;Le hic : selon les accords pass\u00e9s avec les acheteurs, le gouvernement allemand doit donner son accord pour tout transfert.<\/em><\/a>&nbsp;\u00bb. \u00c0 cela s\u2019ajoute, la pression d\u2019\u00eatre un des rares pays \u00e0 ne pas envoyer ou \u00e0 ne pas promettre la livraison d\u2019armes ou de chars \u00e0 Kiev, une exclusion qui peut \u00eatre mal vue en Europe : \u00ab&nbsp;<em><a href=\"https:\/\/4oywg.r.ag.d.sendibm3.com\/mk\/cl\/f\/w12lT8_3kIxrwISD4h_sitIE4j-9EKonpYl8tNWNPSstN1oSr-d9naCLFFulP4ZiddKSn1V2opalPJqcMQS3v4hlIE54-IQxH7ZYSxTtg7bh0rgXp7o6VEUkamjSmw4nxpDpOKKpXwLIjQe1vm7xMAG_rDHllWOpcYNHcrvbl7WtPoxGqUK58QgIUslWu19CC9Uijbf9rXUv4e-0UoxsEZDad6tOs6_CjcHLae4mQJVmUJ9M3jFqOys0jePfw9KxaLltcnfehMYVpkHoGf3dXJ-tnpFdV4Pq78vD08Vc7vu7IMIaJUFCjDMf\">jeudi un groupe de 11 pays europ\u00e9ens a annonc\u00e9 en Estonie qu\u2019ils allaient livrer un nouveau paquet d\u2019armes \u00e0 l\u2019Ukraine, comprenant des chars, de l\u2019artillerie lourde, des v\u00e9hicules de combat blind\u00e9s et des munitions<\/a>.&nbsp;<\/em>\"<\/p>\n\n\n\n<p class=\"wp-block-paragraph\">Mais en Allemagne, les r\u00e9ticences ont la peau dure, une des raisons principales reste l\u2019identification du char par les Russes comme \u00e9tant allemand, et donc que l\u2019Allemagne pourrait devenir un ennemi de la Russie. Le chancelier Olaf Scholz cherche la s\u00e9curit\u00e9 et attend que la puissance transatlantique envoie elle aussi ses chars Abrams M1, d\u00e9cision que Washington n\u2019envisage \u00e0 aucun moment, puisque : \u00ab\u00a0<a href=\"https:\/\/4oywg.r.ag.d.sendibm3.com\/mk\/cl\/f\/Z_OQjWN9WbMU3nPz--dIIkug6Oa4HiZuPnDx_5VBJ4TC2oiUQAwkebEw03RyC6N95oFjPeYM4Cz6tAJOo08SjR8eu5lu0jGRogVLbcq4SYo4ayePhiCqSf6z3XAx3obzYnI0eksWcv8vGKdI_FF084BcSbJCPolUtnE1ORa94HcRNYU8KBb66PplEV3Xvl-nspKDZQ2GEK_5DnEF_70GZE3Cxf8R9a0t98qRcljrzinXwnwq5ZBVsWnQkC9djcdN1h3OL8mL6zRFbgtl5LiV5812ej4rXnz33npsOSMTEkjgjT5TkZzUoKrGLxLE0VRtNlwucNz2\"><em>la capture par Moscou d\u2019un seul de ces chars riches en secrets technologiques serait une catastrophe<\/em><\/a>\u00bb. Sans oublier que l\u2019arriv\u00e9e de chars am\u00e9ricains dans le combat, pourrait envenimer le conflit.\u00a0<\/p>\n\n\n\n<p class=\"wp-block-paragraph\"><\/p>\n\n\n\n<p class=\"wp-block-paragraph\"><strong>RUSSIE ET CONSEIL DE L&rsquo;EUROPE : LA FIN D&rsquo;UNE RELATION ?<\/strong><\/p>\n\n\n\n<p class=\"wp-block-paragraph\">Ce 18 janvier, le pr\u00e9sident russe, Vladimir Poutine, a d\u00e9cid\u00e9 de pr\u00e9senter&nbsp;<a href=\"https:\/\/4oywg.r.ag.d.sendibm3.com\/mk\/cl\/f\/C9rSccZtOP2Keze2O9gbXUPs_rf4DfFevpOpTKDHyKrd8gwxhnJgmurkKchCof47yKJZwIRhy25U12aHtYMM5KyIG9SRjVcPAI3dJ99TfCP3NRugd8yT5NHsLYc0-94e0MClLc1Lpf4CeskGXXn-Ga6hA0eADQUw-Wn37xwpTPUKZcYEPbSMlsHSaQXOL6D8n5rMscfYibCMjU0t2EihfnUDWNbEZtECrh6lWXmR7CaEKIGblXFRrLzI5OH8U8qp--mSZZ_sXzxFs3sMxx8RH0lD948kO_9yKUpThkxlJUQPAW591xSEEmXyq_HJPd7lKoRIevfwQ5aXhA\">un projet de loi qui viendra mettre fin aux accords entre son pays et le Conseil de l\u2019Europe<\/a>. Cette r\u00e9action intervient pr\u00e8s d\u2019un an apr\u00e8s l\u2019exclusion de la Russie du Conseil de l\u2019Europe.<\/p>\n\n\n\n<p class=\"wp-block-paragraph\">Ce projet est d\u00e9sormais entre les mains de Viatcheslav Volodine, pr\u00e9sident de la Douma d\u2019\u00c9tat (chambre basse du parlement russe). Il pr\u00e9voit notamment d\u2019annuler 21 accords sign\u00e9s avec le Conseil de l\u2019Europe.<\/p>\n\n\n\n<p class=\"wp-block-paragraph\">Parmi ceux-ci, se trouvent la Convention europ\u00e9enne pour la r\u00e9pression du terrorisme, la Convention de sauvegarde des droits de l\u2019homme, ainsi que la Charte europ\u00e9enne de l\u2019autonomie locale et de la Charte sociale europ\u00e9enne.<\/p>\n\n\n\n<p class=\"wp-block-paragraph\">Cette d\u00e9cision intervient moins de 24 heures apr\u00e8s que la Secr\u00e9taire G\u00e9n\u00e9rale du Conseil, Marija Pej\u010dinovi\u0107 Buri\u0107, est appel\u00e9 les autorit\u00e9s russes \u00e0 ex\u00e9cuter l&rsquo;arr\u00eat de la Cour europ\u00e9enne des droits de l&rsquo;homme dans l&rsquo;affaire Navalny : \u00ab\u00a0<a href=\"https:\/\/4oywg.r.ag.d.sendibm3.com\/mk\/cl\/f\/SjK-F-dKKVYSFKrewzjV-PHlNbbIP7Q_aLsUyCpjadiZnmUSRFGewJcYQ2jbUbx68RCx9ZIpZos3bfXCFqlamMxr3kacZILDlQFm0xtovAU8sgWeo5UsBZW0kUoBuQ3AACJGOqLPZ_mOBDGux651X42Cotb8ohTpAvS-8BhYSybaLhwDPoBDn-9-JFgsCfft34szfOHWEZbG5ZLDRbjy0MeLJqS9ZtiruT8tzkOQTWBo4hhd92iNrrs6uwtjr7Hx_ncpSTGAkEn3dQRc5n1GLs86ULPb7g8n_Ecn0WGYVzAUIEry0NIj5zoMOl7bKIPTe9qoRLpyzGnmtgk2eGJ1hyLgwJb3ToRz0QqCB6ztKPiXQYeJmS7cbX0Y\"><em>Aujourd&rsquo;hui marque le deuxi\u00e8me anniversaire de l&rsquo;incarc\u00e9ration d&rsquo;Alexei Navalny en Russie apr\u00e8s une tentative d&#8217;empoisonnement. Depuis lors, malgr\u00e9 les appels du Conseil de l&rsquo;Europe \u00e0 sa lib\u00e9ration sans d\u00e9lai et conform\u00e9ment \u00e0 l&rsquo;arr\u00eat pertinent de la Cour europ\u00e9enne des droits de l&rsquo;homme, il reste en prison dans des conditions difficiles. Je r\u00e9it\u00e8re la solidarit\u00e9 de notre Organisation avec Alexei Navalny. Il n&rsquo;est pas et ne sera pas oubli\u00e9<\/em><\/a>\u00ab\u00a0.<\/p>\n\n\n\n<p class=\"wp-block-paragraph\"><\/p>\n\n\n\n<p class=\"wp-block-paragraph\"><strong>TRAIT\u00c9 D&rsquo;AMITI\u00c9 : APR\u00c8S L&rsquo;ALLEMAGNE ET L&rsquo;ITALIE, LA FRANCE RESSERE SES RELATIONS AVEC L&rsquo;ESPAGNE<\/strong><\/p>\n\n\n\n<p class=\"wp-block-paragraph\">Ce jeudi, le pr\u00e9sident Fran\u00e7ais Emmanuel Macron a rencontr\u00e9 \u00e0 Barcelone son homologue espagnol, le Premier ministre Pedro S\u00e1nchez. Ils ont sign\u00e9 un trait\u00e9 d\u2019amiti\u00e9, avec pour mission de renforcer les liens entre leur pays ainsi que les autres pays europ\u00e9ens. \u00c0 l&rsquo;image de ceux sign\u00e9s par la France en 1963 avec l&rsquo;Allemagne (Trait\u00e9 de l&rsquo;\u00c9lys\u00e9e) et en 2021 avec l&rsquo;Italie (Trait\u00e9 du Quirinal). Les trait\u00e9s d\u2019amiti\u00e9s permettent de mettre en place des groupes de travail entre les deux gouvernements dans diff\u00e9rents secteurs, les principaux \u00e9voqu\u00e9s \u00e9tant l\u2019aide \u00e0 l\u2019Ukraine, l\u2019\u00e9nergie et l\u2019immigration. Le Premier ministre espagnol a d\u00e9clar\u00e9 \u00e0 l\u2019issue de la rencontre : \u00ab&nbsp;<em><a href=\"https:\/\/4oywg.r.ag.d.sendibm3.com\/mk\/cl\/f\/4zsMU-EUpF9GAEsQNJJCDkoEJgQ3nD6jqcied7KZAFol8k8AvxgXR396gtCrgllyS8c1ygrAebx9Yfnt9t0LGt-W-NlbfsPwjRc76iEFSrOxOwmi486--QveE8lhTqfj-FJBxqL0odE8V58bxdW31ZyJYK3dgAnX6ld7sI2dR78iF8gKAJ203IkUn61ZfiyYj4u_W6Wpk6ZWvL0m1Vl2RjxQRui0WC2Woaw8t1A47viGJGkkWgGHkBd5Zp3BVsl565cfhjSbmSdnjsoqWRkDKwiGQ3MgYT2LNPqOgcmH79iNh0HETyKQdySYgA\">nous ne renfor\u00e7ons pas seulement nos pays, nous renfor\u00e7ons l\u2019Europe<\/a><\/em>&nbsp;\u00bb.<\/p>\n\n\n\n<p class=\"wp-block-paragraph\">Le second point \u00e9voqu\u00e9 lors de cette rencontre a \u00e9t\u00e9 l\u2019Inflation Reduction Act de Joe Biden, un plan d\u2019investissement massif qui va permettre \u00e0 Washington d\u2019\u00eatre premier dans la course \u00e0 la transition vers les \u00e9nergies vertes. Les deux dirigeants en ont appel\u00e9 \u00e0 une r\u00e9action europ\u00e9enne face \u00e0 l\u2019approche d\u2019un conflit commercial majeur avec le pays transatlantique. Emmanuel Macron a par ailleurs d\u00e9clar\u00e9 : \u00ab\u00a0<em><a href=\"https:\/\/4oywg.r.ag.d.sendibm3.com\/mk\/cl\/f\/WKqr7K56sLHxuyD43mIWGcFVuiExgkuVPyF3l827-ZBjqS279hsVnyZmmytbR6h4ZNnWb1FmTBxzfNc-gxZfKFoCaSvOcB-KKM2egqBYrmTgdYzuBwj5QUEUVSfU6mNspOqu-v2s_-CEkpKW7nIiU1smGJGPBJ5rsSEUTgjkZSwQUh8vafpEWMfOGf736KiZqAB5v75rVqG4WCBRUQIfK9KRvN_qtt-PethJpta7fFKrSmEP6_z-HekDC1JnVcjRvKpD4wstxgXeCLD4ypcidXYgKxWgNynNUqm7sKzTrdnONVC_xZSpRCY\">Nous sommes tous deux conscients du fait que nous devons r\u00e9agir de mani\u00e8re tr\u00e8s proactive<\/a><\/em>\u00a0\u00bb. Le plan dit \u00ab IRA \u00bb pourrait avoir des cons\u00e9quences d\u00e9sastreuses sur l\u2019\u00e9conomie europ\u00e9enne puisqu&rsquo;il avantagerait les entreprises am\u00e9ricaines.<\/p>\n\n\n\n<p class=\"wp-block-paragraph\"><\/p>\n\n\n\n<p class=\"wp-block-paragraph\"><strong>\u00ab\u00a0UNE R\u00c9CESSION G\u00c9RABLE\u00a0\u00bb, SELON LE MINISTRE DE L&rsquo;\u00c9CONOMIE ALLEMAND<\/strong><\/p>\n\n\n\n<p class=\"wp-block-paragraph\">Depuis quelques mois, les ministres de l\u2019\u00e9conomie europ\u00e9ens ainsi que les organisations \u00e9conomiques europ\u00e9ennes s\u2019inqui\u00e8tent d\u2019une r\u00e9cession en Europe. Pour autant, Robert Habeck, ministre de l\u2019\u00c9conomie en Allemagne, souligne une d\u00e9tente des prix du gaz, qui selon lui peuvent donner espoir que cette r\u00e9cession peut \u00eatre g\u00e9r\u00e9e, voire m\u00eame limit\u00e9e. Toutefois, il faudrait renforcer cette d\u00e9tente gr\u00e2ce \u00e0 une multiplication d\u2019infrastructures critiques, qui am\u00e8neront \u00e0 une \u00e9conomie davantage r\u00e9siliente. Il a par ailleurs d\u00e9clar\u00e9, lors du Forum \u00e9conomique mondial de Davos, le 17 janvier, que : \u00ab&nbsp;<a href=\"https:\/\/4oywg.r.ag.d.sendibm3.com\/mk\/cl\/f\/OA0P_839lpthrIZ_DMdZA0_zTnXq2MSnEqL5TaLcf2SrQtwMd2lbRWzkwmoapdmnLxC45yTfO2i4X00tqgBsG8fXCp32BgDN1YHpeOgrbAPo_HHwLXHJy_LuEFFRSpAcdB1lAtVegIbCL5L_bhysxDQLg4ypM0lp2p3luQLNsDdtfrlQHzJ_YrRXBSIBRRwywV5EK0VMexu25yTQKbncSXr0HKfbhvaI9JTAjLTQWyYRcY4fMAj9_PaLHORljbF3GPB8AKNHsWiho0jEEDHsKOXlfccTjcX2JtxsYlmTGfHzSFYYyJKq9GH36-04DE2yhrj8UMw\"><em>C&rsquo;est l&rsquo;Europe qui a pay\u00e9 le prix de la d\u00e9pendance allemande au gaz russe et, par cons\u00e9quent, l&rsquo;Allemagne a l&rsquo;obligation de contribuer \u00e0 la croissance de l&rsquo;Europe<\/em><\/a>&nbsp;\u00bb.<\/p>\n\n\n\n<p class=\"wp-block-paragraph\">En Allemagne, cet espoir s\u2019est refl\u00e9t\u00e9 par un taux d\u2019inflation, pour le mois de d\u00e9cembre, de 9,6%, inf\u00e9rieur aux pr\u00e9visions qui d\u00e9passaient les 10%. Pour le ministre, cela est en parti d\u00fb \u00e0 la r\u00e9sistance de l\u2019\u00e9conomie allemande : \u00ab\u00a0<a href=\"https:\/\/4oywg.r.ag.d.sendibm3.com\/mk\/cl\/f\/klkV2c8E01th-JK-chItZeUrFRHXRk3tBxOefZvWCiiHhHt7_owNT2-nVBpwwfrIE4NwQ8n3-p4QDLiMJgp9Sg_HWreN5BngHBek5erV_TGWguiRDfTtMX-bwW4PIrgvMQLsGKVSGQgvLjL0Shv_wfjMNe_9vnwv6vyAPPGIJh9JKp0zaB_uv9kwGawr2fJpdfQ89Aphg_O4UjmpulqsKqrEZlWSRn91SNJ8tGk7_ciJtoPLdQM0RfNRtHq3pM9q_f4j2GUxzA2pf15iZ4wphoax1M5ToT1eBTfjaEN9cXEQaxhvvmBIpG9cs90\"><em>L&rsquo;\u00e9conomie allemande a \u00e9t\u00e9 en mesure de r\u00e9duire sa consommation de gaz de plus de 20 % sans r\u00e9duire sa production, ce qui montre que nous sommes r\u00e9sistants<\/em><\/a>\u00ab\u00a0.<\/p>\n\n\n\n<p class=\"wp-block-paragraph\"><\/p>\n\n\n\n<figure class=\"wp-block-image size-large\"><img data-recalc-dims=\"1\" loading=\"lazy\" decoding=\"async\" width=\"1020\" height=\"198\" data-attachment-id=\"168\" data-permalink=\"https:\/\/europanova.eu\/en\/2023\/05\/10\/newsletter-du-20-janvier-2023\/5ff6fbca2cc5213ff576bba6-jpg\/\" data-orig-file=\"https:\/\/i0.wp.com\/europanova.eu\/wp-content\/uploads\/2023\/05\/5ff6fbca2cc5213ff576bba6.jpg.png?fit=1020%2C198&amp;ssl=1\" data-orig-size=\"1020,198\" data-comments-opened=\"1\" data-image-meta=\"{&quot;aperture&quot;:&quot;0&quot;,&quot;credit&quot;:&quot;&quot;,&quot;camera&quot;:&quot;&quot;,&quot;caption&quot;:&quot;&quot;,&quot;created_timestamp&quot;:&quot;0&quot;,&quot;copyright&quot;:&quot;&quot;,&quot;focal_length&quot;:&quot;0&quot;,&quot;iso&quot;:&quot;0&quot;,&quot;shutter_speed&quot;:&quot;0&quot;,&quot;title&quot;:&quot;&quot;,&quot;orientation&quot;:&quot;0&quot;}\" data-image-title=\"5ff6fbca2cc5213ff576bba6.jpg\" data-image-description=\"\" data-image-caption=\"\" data-large-file=\"https:\/\/i0.wp.com\/europanova.eu\/wp-content\/uploads\/2023\/05\/5ff6fbca2cc5213ff576bba6.jpg.png?fit=1020%2C198&amp;ssl=1\" src=\"https:\/\/i0.wp.com\/europanova.eu\/wp-content\/uploads\/2023\/05\/5ff6fbca2cc5213ff576bba6.jpg.png?resize=1020%2C198&#038;ssl=1\" alt=\"\" class=\"wp-image-168\" \/><\/figure>\n\n\n\n<h2 class=\"wp-block-heading\"><strong>Green Deal<\/strong><\/h2>\n\n\n\n<p class=\"wp-block-paragraph\"><strong>COP 28 : LA NOMINATION DU PR\u00c9SIDENT FAIT D\u00c9BAT<\/strong><\/p>\n\n\n\n<p class=\"wp-block-paragraph\">La COP 27 s\u2019est achev\u00e9e il y a deux mois et nous connaissons d\u00e9j\u00e0 le futur pr\u00e9sident de la COP 28 qui aura lieu \u00e0 la fin de l\u2019ann\u00e9e : le Sultan Ahmed Al Jaber. Une nomination qui fait des vagues, puisqu\u2019il est le PDG de la compagnie p\u00e9troli\u00e8re nationale des \u00c9mirats Arabes Unis. Le p\u00e9trole \u00e9tant une des principales \u00e9nergies fossiles \u00e9mettrice de gaz \u00e0 effet de serre, tandis que la COP 28 a pour objectif de lutter contre le r\u00e9chauffement climatique\u2026 le paradoxe n\u2019est pas pass\u00e9 inaper\u00e7u. Les militants climatiques sont sceptiques face aux possibles conflits d\u2019int\u00e9r\u00eats.<\/p>\n\n\n\n<p class=\"wp-block-paragraph\">Cependant, le Sultan est \u00e9galement engag\u00e9 dans les \u00e9nergies renouvelables, il a d\u2019ailleurs cr\u00e9\u00e9 le site de Masdar. Celui-ci est l\u2019une des initiatives portant sur les \u00e9nergies renouvelables qui se d\u00e9veloppe le plus rapidement dans le monde. Sur l\u2019ann\u00e9e 2021, son portefeuille d\u2019\u00e9nergies non-fossiles a augment\u00e9 de 40% pour atteindre 15 gigawatts.<a href=\"https:\/\/4oywg.r.ag.d.sendibm3.com\/mk\/cl\/f\/ByhOlwiYCQQ_oeUeM3dFz88uS-1yiBP-n7jeREmfptb_A5jCrKc7trHafuvjH9Aps9SxQ9suPpOa-6NBW-tZsg3n_FIBaY0ZrAZMrz50SdnPE0tp2MTIbDm7jxKQjP6uOR0o3z-ndtxqMLx5v7Wn-Km8ikuoYSb-SLLcdKEeiFctlay6qSqAfBa-ihfjfE37XhO7GQ4f8ELHC6pkVzYcvVAG8foweQhK5HB275jdAs4GZ7PWGmCsZE4utbhVQz_RmFVmowzu7V-k4TMY7qF_oUpeWHNhjR5Dc9M4x-JxMIeo97r46_crMTuhbIOuQtkoBDVnD9zgFSnm_A\">Cette performance permet de diminuer de 19,5 millions de tonnes les \u00e9missions de dioxyde de carbone chaque ann\u00e9e<\/a>.<\/p>\n\n\n\n<p class=\"wp-block-paragraph\">Ahmed Al Jaber s\u2019est exprim\u00e9 \u00e0 ce sujet, soulignant qu\u2019il avait pour objectif de d\u00e9fendre : \u201c<a href=\"https:\/\/4oywg.r.ag.d.sendibm3.com\/mk\/cl\/f\/NDDBvyiA1cExNcFMocQl0GqIlqOw7flvqZy2elKRqp8iFlMvFV1m6DOZZF9Pvo6IakwC4bJA4r2KkKY3igBehqPL2-tug8aE1Q3REXqdtaOV1dTkXxVSjdUIyWPRTyOlUIhH8ZwPJtEJDNhOnjyn6-Lo-Kn9jzpXuaHrT1dhr3DZkfDYO6fcrj6OqqG7GA28pGSkLTIgcTIRapd4Mut3HGJLYkwk1ke5QvJHWi973bM3dUfQRT4hFbTaIF6b9meAc5gaBAC1kdxF1wB-OLEkF8jC9l4KsATR1OEl7W_HXNz_eKKWVOJxrI2rbGTXKkk7t0wcoXNoGXKjnFI38XgWEZAbP7WOh-YjzL9XBARr50DkZOmkVCqGOmwQBPYlUoJWir_0meCrYqOq1H4sNBgj\"><em>une approche pragmatique, r\u00e9aliste et ax\u00e9e sur les solutions (&#8230;) le financement est la cl\u00e9<\/em><\/a>\u201d. De plus, les d\u00e9cisions prises lors de la COP 28 ne d\u00e9pendront pas seulement du Sultan, mais des autres pays et acteurs pr\u00e9sents.<\/p>\n\n\n\n<p class=\"wp-block-paragraph\"><\/p>\n\n\n\n<p class=\"wp-block-paragraph\"><strong>L&rsquo;ENVIRONNEMENT AU COEUR DU FORUM DE DAVOS<\/strong><\/p>\n\n\n\n<p class=\"wp-block-paragraph\">Cette semaine, 50 chefs d\u2019\u00c9tat et de gouvernements ainsi que plus d\u2019un millier de chefs d\u2019entreprise seront pr\u00e9sents au Forum \u00e9conomique de Davos.&nbsp;<a href=\"https:\/\/4oywg.r.ag.d.sendibm3.com\/mk\/cl\/f\/PZOA8CVkufsxkFsy8YASMayPCRGXZUUyHRnAVZi6VHrIZpq3FJonAMkCEzYtDpZMrTfH7cOZE8oalQvElqbGxKyxCWxMnhsa8ULWOojAmvSfrtpSv_9F9Jt153xm6ovZgiIEvGlWaaCrGHbqK1X8-5LEUV8eHfSW4Rt3d2E3QMez7KE-kQUVW7cSORGYIZZlrf4n75csS8CvCzjGmPVeN3Ea25erf-Wn5EnZFNBVUEmbzTDbKYMpgKEPRuY9yk76IEYdzolJslZ88LLUmQpGCLOk-XZjXoEpYoEsj1tCFAX0csycRkd-PVWOmkx9qI1ElOLpD9yJRCpnJGqSI5Ac4YlydciaHMXu\">L\u2019un des principaux sujets de cette ann\u00e9e sera le changement climatique et la d\u00e9carbonisation des entreprises<\/a>. L\u2019objectif \u00e9tant de trouver des investissements permettant de d\u00e9velopper des nouvelles technologies plus durables.<\/p>\n\n\n\n<p class=\"wp-block-paragraph\">Le discours de la pr\u00e9sidente de la Commission europ\u00e9enne, Ursula von der Leyen, n\u2019est pas pass\u00e9 inaper\u00e7u et a donn\u00e9 le ton pour le reste de la semaine. \u00ab&nbsp;<a href=\"https:\/\/4oywg.r.ag.d.sendibm3.com\/mk\/cl\/f\/aSKdT26cgVS9nO1NIPscWVh15KkH-3pgJhjas50ANoc5teBwrkcAzZ0LYHuLNgxlrcT7d0Yt59On1f3aVVwmsjB6N3ZDP2AH1iqO96_j5S4GAWhUVzrloO3-4_F9iwlLiR4NwgXlddY8vQa5NYTEzSnYLoWARAgtO0JP3CVNGI8rRS2Y-D0A-Er6hilKdH50H7u7F-B2Pp3JXqh0oLfu2q8FdC9W-W44_hDyAVeDlX0oc1HhHexWJLf20l2x36HqfvbEidpqUC4h8LQrJPQ\"><em>La transition vers une industrie neutre en carbone entra\u00eene d\u00e9j\u00e0 d\u2019\u00e9normes transformations sur le plan industriel, \u00e9conomique et g\u00e9opolitique \u2014 de loin les plus rapides et les plus marqu\u00e9es que nous ayons connues de notre vivant. Elle transforme la nature du travail et la configuration de notre industrie. Mais nous sommes \u00e0 l\u2019aube de quelque chose de bien plus grand. Pensez-y : en moins de trois d\u00e9cennies, nous voulons atteindre la neutralit\u00e9 carbone<\/em><\/a>. \u00bb<\/p>\n\n\n\n<p class=\"wp-block-paragraph\">Elle a, par ailleurs, exprim\u00e9 la vision europ\u00e9enne de l\u2019Inflation Reduction Act am\u00e9ricain. Quatre points importants ont \u00e9t\u00e9 \u00e9voqu\u00e9s : l\u2019am\u00e9lioration des r\u00e8glements en faveur des technologies \u201cpropres\u201d, la cr\u00e9ation d\u2019un fonds souverain, des r\u00e8gles d\u2019aides aux \u00c9tats plus souples, ainsi qu\u2019une r\u00e9volution des talents. Le but est de tout faire pour arriver \u00e0 une neutralit\u00e9 carbone.<\/p>\n\n\n\n<p class=\"wp-block-paragraph\"><\/p>\n\n\n\n<figure class=\"wp-block-image size-large\"><img data-recalc-dims=\"1\" loading=\"lazy\" decoding=\"async\" width=\"800\" height=\"160\" data-attachment-id=\"169\" data-permalink=\"https:\/\/europanova.eu\/en\/2023\/05\/10\/newsletter-du-20-janvier-2023\/63ca8925317bea7c8a6cc4b9-jpeg\/\" data-orig-file=\"https:\/\/i0.wp.com\/europanova.eu\/wp-content\/uploads\/2023\/05\/63ca8925317bea7c8a6cc4b9.jpeg.png?fit=800%2C160&amp;ssl=1\" data-orig-size=\"800,160\" data-comments-opened=\"1\" data-image-meta=\"{&quot;aperture&quot;:&quot;0&quot;,&quot;credit&quot;:&quot;&quot;,&quot;camera&quot;:&quot;&quot;,&quot;caption&quot;:&quot;&quot;,&quot;created_timestamp&quot;:&quot;0&quot;,&quot;copyright&quot;:&quot;&quot;,&quot;focal_length&quot;:&quot;0&quot;,&quot;iso&quot;:&quot;0&quot;,&quot;shutter_speed&quot;:&quot;0&quot;,&quot;title&quot;:&quot;&quot;,&quot;orientation&quot;:&quot;0&quot;}\" data-image-title=\"63ca8925317bea7c8a6cc4b9.jpeg\" data-image-description=\"\" data-image-caption=\"\" data-large-file=\"https:\/\/i0.wp.com\/europanova.eu\/wp-content\/uploads\/2023\/05\/63ca8925317bea7c8a6cc4b9.jpeg.png?fit=800%2C160&amp;ssl=1\" src=\"https:\/\/i0.wp.com\/europanova.eu\/wp-content\/uploads\/2023\/05\/63ca8925317bea7c8a6cc4b9.jpeg.png?resize=800%2C160&#038;ssl=1\" alt=\"\" class=\"wp-image-169\" \/><\/figure>\n\n\n\n<h2 class=\"wp-block-heading\"><strong>Num\u00e9rique<\/strong><\/h2>\n\n\n\n<p class=\"wp-block-paragraph\"><strong>CLEAN TECH : SECTEUR D&rsquo;INVESTISSEMENT QUI CONNAIT LA PLUS FORTE CROISSANCE EN EUROPE<\/strong><\/p>\n\n\n\n<p class=\"wp-block-paragraph\">Les technologies propres ont doubl\u00e9 leur valeur rien qu\u2019entre 2020 et 2021 : \u00ab&nbsp;<a href=\"https:\/\/4oywg.r.ag.d.sendibm3.com\/mk\/cl\/f\/VBpwueqGw0FwZVMMWIdIuBS2Mq9fIE0xZ2tulO4GFvsexGaI6r5SiPJdSkLfz2s8fVRNwxrRyuHDE5uMedC5Q6iPctPmNVApmIeACI7NqmKxQjtCwN8PDMJUwz4VhFIQ79OcSnmZknBDxb7x--syBdpccrqt8XnCizc19Ra1SqvEmZLItWnc_ryz-DHT3ZH_-ih9zP0QThvHk3_WZxRJbZsx9VHMBU0fbAicYgVBbXS-bP-iyjmw_EbRJVq1Q9QCsIdsxzJNeB4\"><em>L\u2019Agence internationale de l\u2019\u00e9nergie estime que, d\u2019ici \u00e0 2030, la valeur du march\u00e9 des technologies d\u2019\u00e9nergie propre fabriqu\u00e9es \u00e0 grande \u00e9chelle avoisinera les 650 milliards de dollars par an &#8211; soit plus du triple d\u2019aujourd\u2019hui. Pour prendre de l\u2019avance dans cette course \u00e0 la concurrence, nous devons continuer d\u2019investir dans le renforcement de notre base industrielle et rendre l\u2019Europe plus propice aux investissements et \u00e0 l\u2019innovation<\/em><\/a>. \u00bb<\/p>\n\n\n\n<p class=\"wp-block-paragraph\">Lors du forum de Davos, l\u2019Union europ\u00e9enne, men\u00e9e par Ursula von der Leyen, a affirm\u00e9 sa position de faire face \u00e0 la concurrence des deux blocs, la Chine et les \u00c9tats-Unis. L\u2019objectif est de pouvoir contrer les pratiques commerciales d\u00e9loyales de Washington et P\u00e9kin : \u201c<em>Nous assistons \u00e0 des tentatives agressives visant \u00e0 attirer nos capacit\u00e9s industrielles vers la Chine et ailleurs<\/em>.\u201d<\/p>\n\n\n\n<p class=\"wp-block-paragraph\">De son c\u00f4t\u00e9, la vice-pr\u00e9sidente de la Commission, Margrethe Vestager a adress\u00e9 une lettre pour les 27 pays de l\u2019Union, soulignant que le plan de Washington : \u201c<a href=\"https:\/\/4oywg.r.ag.d.sendibm3.com\/mk\/cl\/f\/nSLieAzDoHmqWyekykLuRt30Wt2K23sMPRXmlhe6kR_Bw2i2xbSmfMXpi3zZCAhVQmA-T_qHTt9dMmIQ7B2XNwT_W8kanZPBlOQ9gT3h6gyxvcPAZJYCFkCxnxiU_rNWniGeYxA6_XScs7u9AWSeEuSkM6eY34sskO0UDsxJS_J6qo-BNY5oozBr1KezNbevJcxXT0sKiRovSX3l3Ch2gJ_3euw8LqUiscg5Jmj9WxLJDmGQgYdYEzo8shD0g_mDdKk1t--I9_gE58yaDK0yipTGtfLC45lhA-jHMW2IuLXnBtspKFtgseZmfJpHEfZDEwVSTG-Oa02ZdMDgBhqvKQ\"><em>risque d\u2019inciter certaines de nos entreprises europ\u00e9ennes \u00e0 transf\u00e9rer leurs investissements aux \u00c9tats-Unis<\/em><\/a>\u201d. Cette crainte est \u00e9galement ressentie dans les \u00c9tats membres \u00e0 l\u2019image de la r\u00e9action du premier ministre su\u00e9dois, Ulf Kristersson : \u201c<em>En tant qu&rsquo;Union, nous ne sommes pas \u00e0 la hauteur de notre potentiel \u00e9conomique. Notre productivit\u00e9 est \u00e0 la tra\u00eene et de moins en moins de grandes entreprises de la plan\u00e8te sont bas\u00e9es dans l&rsquo;UE<\/em>\u201d.<\/p>\n\n\n\n<p class=\"wp-block-paragraph\"><strong>&nbsp;DIGITAL SERVICES ACT : LA NOUVELLE CAMPAGNE DE LA COMMISSION<\/strong><\/p>\n\n\n\n<p class=\"wp-block-paragraph\">La loi sur les services num\u00e9riques est entr\u00e9e en vigueur \u00e0 la fin du mois d\u2019octobre, avec celle sur les march\u00e9s num\u00e9riques, pr\u00e8s de 20 ans apr\u00e8s la derni\u00e8re loi sur ce sujet. La loi DSA a pour mot d\u2019ordre la surveillance. Dans le viseur de la Commission se trouvent les gros poissons de la tech.&nbsp;<a href=\"https:\/\/4oywg.r.ag.d.sendibm3.com\/mk\/cl\/f\/Qofohi_HDDt0zt9u7MeDInHVvPMN4HLj6txyYRvmNBbpzSco-k6hEfJzTSpEHEsTe5goXc333ZDpboK-n-jmz2TlmyuIkEEQGLOUsP9o5a_u4MEjmLnGbtWFwSV4zZO35EcyAS_nV7OywDxPD40Ing3yTAZx8ufxH-AeVaqu-O-ip3YsGuRQjLYLjQXX7I56ltyx-SQj9_LYgaLcbi9AMR1TdydusiCKjxvnjIsfuh8_-ZLHXKVmXRctd853wvaEIj9VkuznjKFreFd-iSD-f_Nc4OoKn5MfSIE\">Cette l\u00e9gislation couvre la conception de base d\u2019un service, depuis ses conditions g\u00e9n\u00e9rales d\u2019utilisation jusqu\u2019\u00e0 ses syst\u00e8mes algorithmiques et ses choix d\u2019optimisation<\/a>.<\/p>\n\n\n\n<p class=\"wp-block-paragraph\">Thierry Breton, commissaire europ\u00e9en au March\u00e9 int\u00e9rieur, indique la particularit\u00e9 de ces mesures : \u201c<a href=\"https:\/\/4oywg.r.ag.d.sendibm3.com\/mk\/cl\/f\/TyglabFT-xYbypyzl9pJaMhnwrLPHBc-xqAzTHUePN40xwr9BuE_sxNCVJtLFCBMJ03aSccIM4MtTV-LJkbvNnAcMUgRPOLVNBaSx83s_fYin7tFmvrd4GMdMDpXIbu2eLsAoMiOcpmil1xtm2RxWmwj7iPxzz0fEJP0bXh41a2o3et4U2OP5VEHN0tyiaJAcxdIu-V_84JLVQ9oSvEJlVCbkEQgYqSHcZePjNiVbLLdJPW4g-XqQWIrdqjAHG-JKk0abSp3flXityEq7X6__zaaY9N_RYJOnLq1wmS-MY6ilCsIFUKFiv6FJ_NjdM0iUMnJj0cuNLdGOXicIo0\"><em>Ce qui est nouveau, c\u2019est que jusqu\u2019\u00e0 pr\u00e9sent c\u2019\u00e9tait les r\u00e8gles de la concurrence qui s\u2019appliquaient, et apr\u00e8s avoir constat\u00e9 l\u2019abus, il faut ensuite des ann\u00e9es pour agir. Ce que j\u2019ai voulu, c\u2019est que d\u00e9sormais nous ayons des r\u00e8gles \u201cex ante\u201d : pour venir sur notre march\u00e9 int\u00e9rieur, il faudra d\u00e9sormais respecter des r\u00e8gles extr\u00eamement strictes<\/em><\/a>\u201d.<\/p>\n\n\n\n<p class=\"wp-block-paragraph\">Pr\u00e8s de trois mois apr\u00e8s l\u2019entr\u00e9e en vigueur, la Commission a lanc\u00e9 cette semaine une campagne d\u2019information sur cette loi sur diff\u00e9rents r\u00e9seaux sociaux. La direction g\u00e9n\u00e9rale CONNECT (Direction g\u00e9n\u00e9rale des r\u00e9seaux de communication, du contenu et des technologies) a publi\u00e9 sur son twitter : \u201c<a href=\"https:\/\/4oywg.r.ag.d.sendibm3.com\/mk\/cl\/f\/xV8SFOVZ8K3kdYEsMQOAhQ1fsutXnMau1vejwY8N9kbccVX_jBk-5wBFGPhmUWtZ1gFbJ2bcIITIE3P53oDHK-tPxyJ_YiU6UBuqlBotGnJVIhvCCzoVH8OwKnsGw6-Wmt4y_9aR5Rd6lMWQoAHnjMPdTBcwCQgbOb8HdHisNC1og8pJj8rsuAuPLG04N7caKDzm9HywMOQ5Rpn0lt4YLk531oiFD8VRTjHSRv0raeNTXU3RMUNjvUomle17u2Nlxw-5IfpKey8S6hvq5Jm_KxeYty1oLUga_THh0nkPCQ\"><em>Avez-vous d\u00e9j\u00e0 vu une publicit\u00e9 en ligne \u00e9trange et vous \u00eates-vous demand\u00e9 pourquoi ? La nouvelle #DSA vous permettra d&rsquo;avoir la r\u00e9ponse gr\u00e2ce \u00e0 un \u00e9tiquetage clair des publicit\u00e9s sur les plateformes en ligne. Les publicit\u00e9s ciblant les mineurs sur la base de leurs donn\u00e9es personnelles seront totalement interdites sur les plateformes en ligne<\/em><\/a>.\u201d. Des vid\u00e9os ont \u00e9galement \u00e9t\u00e9 post\u00e9es sur le compte instagram :&nbsp;<a href=\"https:\/\/4oywg.r.ag.d.sendibm3.com\/mk\/cl\/f\/urIFo0HCX8kt-Y0IoETweCC0qjBZdTstq4YA9lUBuYcSwkcgvz4PUnlMEMVcnZ1ovgwT21I9A7tdibBiuyApTTHaBgfZvMdLw4_m-K_VgAgV5-4PZId8N2W-Iqfn2A_j-ezg-z8rHv9n4QnchvHgDSoUFMSxLmEvqXYE_LhL80iAqdeaHobZPhBPJE8Yb6BM5yxhJ80kwZGbGo94Z_TA-zNVy_oo8qJCXA\"><em>@digitaleu<\/em><\/a>.<\/p>","protected":false},"excerpt":{"rendered":"<p>Inscrivez-vous sur ce lien pour recevoir gratuitement et directement la newsletter dans votre boite mail ! N&rsquo;h\u00e9sitez pas \u00e0 nous soutenir, vos dons sont pr\u00e9cieux pour offrir une actualit\u00e9 sp\u00e9cifique et accessible \u00e0 tous. Si vous souhaitez devenir des partenaires de notre newsletter, vous pouvez contacter Isabelle N\u00e9grier : isabelle.negrier@europanova.eu Comit\u00e9 de r\u00e9daction : Denis [&hellip;]<\/p>\n","protected":false},"author":234807144,"featured_media":160,"comment_status":"open","ping_status":"open","sticky":false,"template":"","format":"standard","meta":{"_crdt_document":"","advanced_seo_description":"","jetpack_seo_html_title":"","jetpack_seo_noindex":false,"_jetpack_newsletter_access":"","_jetpack_dont_email_post_to_subs":false,"_jetpack_newsletter_tier_id":0,"_jetpack_memberships_contains_paywalled_content":false,"_jetpack_memberships_contains_paid_content":false,"footnotes":"","jetpack_publicize_message":"","jetpack_publicize_feature_enabled":true,"jetpack_social_post_already_shared":false,"jetpack_social_options":{"image_generator_settings":{"template":"highway","default_image_id":0,"font":"","enabled":false},"version":2},"_wpas_customize_per_network":false,"jetpack_post_was_ever_published":false},"categories":[762155369],"tags":[],"class_list":["post-159","post","type-post","status-publish","format-standard","has-post-thumbnail","hentry","category-europanovanews"],"jetpack_publicize_connections":[],"jetpack_featured_media_url":"https:\/\/i0.wp.com\/europanova.eu\/wp-content\/uploads\/2023\/05\/logonewsletter.jpg?fit=1134%2C340&ssl=1","jetpack_likes_enabled":true,"jetpack_sharing_enabled":true,"jetpack_shortlink":"https:\/\/wp.me\/peMWIh-2z","_links":{"self":[{"href":"https:\/\/europanova.eu\/en\/wp-json\/wp\/v2\/posts\/159","targetHints":{"allow":["GET"]}}],"collection":[{"href":"https:\/\/europanova.eu\/en\/wp-json\/wp\/v2\/posts"}],"about":[{"href":"https:\/\/europanova.eu\/en\/wp-json\/wp\/v2\/types\/post"}],"author":[{"embeddable":true,"href":"https:\/\/europanova.eu\/en\/wp-json\/wp\/v2\/users\/234807144"}],"replies":[{"embeddable":true,"href":"https:\/\/europanova.eu\/en\/wp-json\/wp\/v2\/comments?post=159"}],"version-history":[{"count":11,"href":"https:\/\/europanova.eu\/en\/wp-json\/wp\/v2\/posts\/159\/revisions"}],"predecessor-version":[{"id":175,"href":"https:\/\/europanova.eu\/en\/wp-json\/wp\/v2\/posts\/159\/revisions\/175"}],"wp:featuredmedia":[{"embeddable":true,"href":"https:\/\/europanova.eu\/en\/wp-json\/wp\/v2\/media\/160"}],"wp:attachment":[{"href":"https:\/\/europanova.eu\/en\/wp-json\/wp\/v2\/media?parent=159"}],"wp:term":[{"taxonomy":"category","embeddable":true,"href":"https:\/\/europanova.eu\/en\/wp-json\/wp\/v2\/categories?post=159"},{"taxonomy":"post_tag","embeddable":true,"href":"https:\/\/europanova.eu\/en\/wp-json\/wp\/v2\/tags?post=159"}],"curies":[{"name":"wp","href":"https:\/\/api.w.org\/{rel}","templated":true}]}}